{"id":10001,"date":"2023-11-29T07:31:38","date_gmt":"2023-11-29T10:31:38","guid":{"rendered":"https:\/\/diariorepublica.com.ar\/web\/?p=10001"},"modified":"2023-11-29T07:31:39","modified_gmt":"2023-11-29T10:31:39","slug":"milei-confirmo-que-luis-caputo-sera-su-ministro-de-economia","status":"publish","type":"post","link":"https:\/\/diariorepublica.com.ar\/web\/index.php\/politica\/2023\/11\/29\/milei-confirmo-que-luis-caputo-sera-su-ministro-de-economia\/","title":{"rendered":"Milei confirm\u00f3 que Luis Caputo ser\u00e1 su ministro de Econom\u00eda"},"content":{"rendered":"<p>El presidente electo,\u00a0<strong>Javier\u00a0Milei,\u00a0<\/strong>confirm\u00f3 que\u00a0<strong>Luis Caputo<\/strong>\u00a0ser\u00e1 su<strong>\u00a0ministro de Econom\u00eda\u00a0<\/strong>luego de regresar de su viaje de dos d\u00edas a Estados Unidos, donde mantuvo reuniones antes de su asunci\u00f3n del 10 de diciembre.<\/p>\n<p>Tras aterrizar en Areoparque, Milei ratific\u00f3 que Caputo ser\u00e1 el titular de la cartera econ\u00f3mica, dijo que su visita a EE.UU. hab\u00eda sido \u00abmuy positiva\u00bb y que hab\u00edan recibido<strong>\u00a0\u00abrespuestas extremadamente favorables\u00bb a sus planteos.<\/strong><\/p>\n<p>\u201cHa sido un viaje muy positivo. La reuni\u00f3n de ayer ha sido extraordinaria, muy importante por el rol que tiene destacado Jack Sullivan, que es el asesor m\u00e1s influyente de<strong>\u00a0Joe Biden\u00bb,<\/strong>\u00a0se\u00f1al\u00f3 el futuro primer mandatario en declaraciones a Radio Mitre.y Radio La Red.<\/p>\n<p>En esa l\u00ednea, brindo detalles sobre el encuentro: \u00abPresentamos<strong>\u00a0las caracter\u00edsticas de los desaf\u00edos que tenemos por delante y la naturaleza del programa econ\u00f3mico<\/strong>\u00a0que vamos a encarar. Tambi\u00e9n hicimos un planteo de nuestro alineamiento internacional. En ambos aspectos recibimos una respuesta extremadamente favorable\u201d.<\/p>\n","protected":false},"excerpt":{"rendered":"<p>El presidente electo,\u00a0Javier\u00a0Milei,\u00a0confirm\u00f3 que\u00a0Luis Caputo\u00a0ser\u00e1 su\u00a0ministro de Econom\u00eda\u00a0luego de regresar de su viaje de dos d\u00edas a Estados Unidos, donde<\/p>\n","protected":false},"author":1,"featured_media":10002,"comment_status":"closed","ping_status":"closed","sticky":false,"template":"","format":"standard","meta":{"footnotes":"","jetpack_publicize_message":"","jetpack_publicize_feature_enabled":true,"jetpack_social_post_already_shared":true,"jetpack_social_options":{"image_generator_settings":{"template":"highway","enabled":false},"version":2}},"categories":[12],"tags":[],"class_list":["post-10001","post","type-post","status-publish","format-standard","has-post-thumbnail","hentry","category-politica"],"jetpack_publicize_connections":[],"_links":{"self":[{"href":"https:\/\/diariorepublica.com.ar\/web\/index.php\/wp-json\/wp\/v2\/posts\/10001"}],"collection":[{"href":"https:\/\/diariorepublica.com.ar\/web\/index.php\/wp-json\/wp\/v2\/posts"}],"about":[{"href":"https:\/\/diariorepublica.com.ar\/web\/index.php\/wp-json\/wp\/v2\/types\/post"}],"author":[{"embeddable":true,"href":"https:\/\/diariorepublica.com.ar\/web\/index.php\/wp-json\/wp\/v2\/users\/1"}],"replies":[{"embeddable":true,"href":"https:\/\/diariorepublica.com.ar\/web\/index.php\/wp-json\/wp\/v2\/comments?post=10001"}],"version-history":[{"count":1,"href":"https:\/\/diariorepublica.com.ar\/web\/index.php\/wp-json\/wp\/v2\/posts\/10001\/revisions"}],"predecessor-version":[{"id":10003,"href":"https:\/\/diariorepublica.com.ar\/web\/index.php\/wp-json\/wp\/v2\/posts\/10001\/revisions\/10003"}],"wp:featuredmedia":[{"embeddable":true,"href":"https:\/\/diariorepublica.com.ar\/web\/index.php\/wp-json\/wp\/v2\/media\/10002"}],"wp:attachment":[{"href":"https:\/\/diariorepublica.com.ar\/web\/index.php\/wp-json\/wp\/v2\/media?parent=10001"}],"wp:term":[{"taxonomy":"category","embeddable":true,"href":"https:\/\/diariorepublica.com.ar\/web\/index.php\/wp-json\/wp\/v2\/categories?post=10001"},{"taxonomy":"post_tag","embeddable":true,"href":"https:\/\/diariorepublica.com.ar\/web\/index.php\/wp-json\/wp\/v2\/tags?post=10001"}],"curies":[{"name":"wp","href":"https:\/\/api.w.org\/{rel}","templated":true}]}}