{"id":10004,"date":"2023-11-29T08:32:00","date_gmt":"2023-11-29T11:32:00","guid":{"rendered":"https:\/\/diariorepublica.com.ar\/web\/?p=10004"},"modified":"2023-11-29T07:33:19","modified_gmt":"2023-11-29T10:33:19","slug":"termino-got-talent-argentina-2023-quien-gano-el-certamen","status":"publish","type":"post","link":"https:\/\/diariorepublica.com.ar\/web\/index.php\/espectaculos\/2023\/11\/29\/termino-got-talent-argentina-2023-quien-gano-el-certamen\/","title":{"rendered":"Termin\u00f3 Got Talent Argentina 2023: qui\u00e9n gan\u00f3 el certamen"},"content":{"rendered":"<p>El programa\u00a0<strong>Got Talent Argentina 2023<\/strong>\u00a0finaliz\u00f3 este martes en una final compuesta por cinco participantes que expusieron sus habilidades y talento frente a la pantalla.<\/p>\n<p>Quienes se enfrentaron en una noche cargada de emociones fueron el grupo de baile de reggaet\u00f3n\u00a0<strong>Fort<\/strong>\u00a0<strong>Crew<\/strong>; la dupla de bailarines de salsa,\u00a0<strong>Mat\u00edas<\/strong>\u00a0y\u00a0<strong>Johanna Ortiz<\/strong>; un hombre que hace magia,\u00a0<strong>el mago Matus;<\/strong>\u00a0el conjunto de danza urbana,\u00a0<strong>Docta Dance;<\/strong>\u00a0y la pareja de baile de tango,\u00a0<strong>Carla<\/strong>\u00a0<strong>y Julio<\/strong>.<\/p>\n<p>Los participantes brindaron un verdadero show ante el jurado compuesto por el cantante\u00a0<strong>Abel Pintos,<\/strong>\u00a0la cantante\u00a0<strong>La Joaqui,<\/strong>\u00a0el bailar\u00edn y core\u00f3grafo\u00a0<strong>Emir Abdul Gani<\/strong>\u00a0y la actriz\u00a0<strong>Florencia Pe\u00f1a,<\/strong>\u00a0bajo la conducci\u00f3n de\u00a0<strong>Lizy Tagliani.<\/strong><\/p>\n<h6>Qui\u00e9n gan\u00f3 Got Talent Argentina 2023<\/h6>\n<p>Fue Lizi la que al final del ciclo dio a conocer al ganador del relity de talentos elegido por el p\u00fablico. De esa manera, inform\u00f3 que\u00a0<strong>Mat\u00edas y Johanna Ortiz se consagraron como los campeones.<\/strong><\/p>\n<div class=\"twitter-tweet twitter-tweet-rendered\"><iframe id=\"twitter-widget-0\" class=\"\" title=\"Twitter Tweet\" src=\"https:\/\/platform.twitter.com\/embed\/Tweet.html?dnt=false&amp;embedId=twitter-widget-0&amp;features=eyJ0ZndfdGltZWxpbmVfbGlzdCI6eyJidWNrZXQiOltdLCJ2ZXJzaW9uIjpudWxsfSwidGZ3X2ZvbGxvd2VyX2NvdW50X3N1bnNldCI6eyJidWNrZXQiOnRydWUsInZlcnNpb24iOm51bGx9LCJ0ZndfdHdlZXRfZWRpdF9iYWNrZW5kIjp7ImJ1Y2tldCI6Im9uIiwidmVyc2lvbiI6bnVsbH0sInRmd19yZWZzcmNfc2Vzc2lvbiI6eyJidWNrZXQiOiJvbiIsInZlcnNpb24iOm51bGx9LCJ0ZndfZm9zbnJfc29mdF9pbnRlcnZlbnRpb25zX2VuYWJsZWQiOnsiYnVja2V0Ijoib24iLCJ2ZXJzaW9uIjpudWxsfSwidGZ3X21peGVkX21lZGlhXzE1ODk3Ijp7ImJ1Y2tldCI6InRyZWF0bWVudCIsInZlcnNpb24iOm51bGx9LCJ0ZndfZXhwZXJpbWVudHNfY29va2llX2V4cGlyYXRpb24iOnsiYnVja2V0IjoxMjA5NjAwLCJ2ZXJzaW9uIjpudWxsfSwidGZ3X3Nob3dfYmlyZHdhdGNoX3Bpdm90c19lbmFibGVkIjp7ImJ1Y2tldCI6Im9uIiwidmVyc2lvbiI6bnVsbH0sInRmd19kdXBsaWNhdGVfc2NyaWJlc190b19zZXR0aW5ncyI6eyJidWNrZXQiOiJvbiIsInZlcnNpb24iOm51bGx9LCJ0ZndfdXNlX3Byb2ZpbGVfaW1hZ2Vfc2hhcGVfZW5hYmxlZCI6eyJidWNrZXQiOiJvbiIsInZlcnNpb24iOm51bGx9LCJ0ZndfdmlkZW9faGxzX2R5bmFtaWNfbWFuaWZlc3RzXzE1MDgyIjp7ImJ1Y2tldCI6InRydWVfYml0cmF0ZSIsInZlcnNpb24iOm51bGx9LCJ0ZndfbGVnYWN5X3RpbWVsaW5lX3N1bnNldCI6eyJidWNrZXQiOnRydWUsInZlcnNpb24iOm51bGx9LCJ0ZndfdHdlZXRfZWRpdF9mcm9udGVuZCI6eyJidWNrZXQiOiJvbiIsInZlcnNpb24iOm51bGx9fQ%3D%3D&amp;frame=false&amp;hideCard=false&amp;hideThread=false&amp;id=1729696954823721183&amp;lang=es&amp;origin=http%3A%2F%2Fnoticias.mitelefe.com%2Fespectaculos%2Ftermino-got-talent-argentina-2023-quien-gano-el-certamen%2F&amp;sessionId=57e1f6ca30f9e228cb3d87e4438abd0a1fc49ac4&amp;siteScreenName=telefenoticias&amp;theme=light&amp;widgetsVersion=01917f4d1d4cb%3A1696883169554&amp;width=550px\" frameborder=\"0\" scrolling=\"no\" allowfullscreen=\"allowfullscreen\" data-tweet-id=\"1729696954823721183\" data-mce-fragment=\"1\"><\/iframe><\/div>\n<p>Se trata de dos hermanos de Mendoza que\u00a0<strong>bailan salsa desde los 15 a\u00f1os<\/strong>\u00a0y que demostraron todo su talento ante el jurado.<\/p>\n<p>Adem\u00e1s del trofeo por conquistar el certamen, la dupla obtuvo un premio de\u00a0<strong>$15 millones de pesos.\u00a0<\/strong><\/p>\n<p><strong>\u201cGracias por todo, gracias a la gente que nos apoy\u00f3<\/strong>\u201d, dijo el bailar\u00edn tras ganar Got Talent Argentina.<\/p>\n<p>Fuente: https:\/\/noticias.mitelefe.com\/<\/p>\n","protected":false},"excerpt":{"rendered":"<p>El programa\u00a0Got Talent Argentina 2023\u00a0finaliz\u00f3 este martes en una final compuesta por cinco participantes que expusieron sus habilidades y talento<\/p>\n","protected":false},"author":1,"featured_media":10005,"comment_status":"closed","ping_status":"closed","sticky":false,"template":"","format":"standard","meta":{"footnotes":"","jetpack_publicize_message":"","jetpack_publicize_feature_enabled":true,"jetpack_social_post_already_shared":true,"jetpack_social_options":{"image_generator_settings":{"template":"highway","enabled":false},"version":2}},"categories":[7],"tags":[],"class_list":["post-10004","post","type-post","status-publish","format-standard","has-post-thumbnail","hentry","category-espectaculos"],"jetpack_publicize_connections":[],"_links":{"self":[{"href":"https:\/\/diariorepublica.com.ar\/web\/index.php\/wp-json\/wp\/v2\/posts\/10004"}],"collection":[{"href":"https:\/\/diariorepublica.com.ar\/web\/index.php\/wp-json\/wp\/v2\/posts"}],"about":[{"href":"https:\/\/diariorepublica.com.ar\/web\/index.php\/wp-json\/wp\/v2\/types\/post"}],"author":[{"embeddable":true,"href":"https:\/\/diariorepublica.com.ar\/web\/index.php\/wp-json\/wp\/v2\/users\/1"}],"replies":[{"embeddable":true,"href":"https:\/\/diariorepublica.com.ar\/web\/index.php\/wp-json\/wp\/v2\/comments?post=10004"}],"version-history":[{"count":1,"href":"https:\/\/diariorepublica.com.ar\/web\/index.php\/wp-json\/wp\/v2\/posts\/10004\/revisions"}],"predecessor-version":[{"id":10006,"href":"https:\/\/diariorepublica.com.ar\/web\/index.php\/wp-json\/wp\/v2\/posts\/10004\/revisions\/10006"}],"wp:featuredmedia":[{"embeddable":true,"href":"https:\/\/diariorepublica.com.ar\/web\/index.php\/wp-json\/wp\/v2\/media\/10005"}],"wp:attachment":[{"href":"https:\/\/diariorepublica.com.ar\/web\/index.php\/wp-json\/wp\/v2\/media?parent=10004"}],"wp:term":[{"taxonomy":"category","embeddable":true,"href":"https:\/\/diariorepublica.com.ar\/web\/index.php\/wp-json\/wp\/v2\/categories?post=10004"},{"taxonomy":"post_tag","embeddable":true,"href":"https:\/\/diariorepublica.com.ar\/web\/index.php\/wp-json\/wp\/v2\/tags?post=10004"}],"curies":[{"name":"wp","href":"https:\/\/api.w.org\/{rel}","templated":true}]}}