{"id":10013,"date":"2023-11-29T07:39:54","date_gmt":"2023-11-29T10:39:54","guid":{"rendered":"https:\/\/diariorepublica.com.ar\/web\/?p=10013"},"modified":"2023-11-29T07:39:56","modified_gmt":"2023-11-29T10:39:56","slug":"el-ejecutivo-inicio-ronda-de-reuniones-para-informar-sobre-el-panorama-economico","status":"publish","type":"post","link":"https:\/\/diariorepublica.com.ar\/web\/index.php\/locales\/2023\/11\/29\/el-ejecutivo-inicio-ronda-de-reuniones-para-informar-sobre-el-panorama-economico\/","title":{"rendered":"El Ejecutivo inici\u00f3 ronda de reuniones para informar sobre el panorama econ\u00f3mico"},"content":{"rendered":"<p>El Poder Ejecutivo Provincial, con el vicegobernador Rub\u00e9n Dusso a cargo, llev\u00f3 a cabo una serie de reuniones con referentes de todos los Poderes estatales para ponerlos al tanto de la situaci\u00f3n actual y los ejes econ\u00f3micos a seguir en los pr\u00f3ximos meses.<\/p>\n<p>En este marco, el Ejecutivo se reuni\u00f3 durante el transcurso de la jornada con intendentes, legisladores y el Tribunal de Cuentas donde se explic\u00f3 la compleja coyuntura y la proyecci\u00f3n econ\u00f3mica que se tiene, en principio, para los pr\u00f3ximos 90 d\u00edas. El Poder Judicial, si bien fue invitado, decidi\u00f3 no presentarse a la reuni\u00f3n.<\/p>\n<p>Dentro de este contexto, el equipo econ\u00f3mico del Gobierno provincial encabezado por la ministra Alejandra Nazareno, reiter\u00f3 el pedido de prudencia y austeridad por parte de todos los estamentos, hasta tanto haya un panorama econ\u00f3mico m\u00e1s claro a nivel pa\u00eds.<\/p>\n<p>Es necesario mencionar que oportunamente asistieron todos los convocados y entendieron el contexto particular que atraviesa el pa\u00eds y donde Catamarca no est\u00e1 exenta.<\/p>\n<p><strong>Ra\u00fal, en Buenos Aires<\/strong><\/p>\n<p>En el inicio de su agenda en Buenos Aires, el gobernador Ra\u00fal Jalil particip\u00f3 hoy en la sede del Banco Provincia de Buenos Aires del encuentro con el futuro ministro del Interior, Guillermo Francos. Tambi\u00e9n estuvo el actual titular de ese ministerio, Eduardo de Pedro.<\/p>\n<p>El objetivo principal de la reuni\u00f3n fue dialogar sobre la compensaci\u00f3n de la disminuci\u00f3n de la Coparticipaci\u00f3n Federal para garantizar el pago de aguinaldos y sueldos de diciembre.<\/p>\n<p>Los gobernadores que asistieron al encuentro, adem\u00e1s de Ra\u00fal Jalil, fueron Gerardo Zamora (Santiago del Estero), Axel Kicillof (Buenos Aires), Alicia Kirchner (Chubut), Gildo Insfr\u00e1n (Formosa), Sergio Ziliotto (La Pampa) y Ricardo Quintela (La Rioja).<\/p>\n<p>Por la tarde, el gobernador Ra\u00fal Jalil fue parte de la reuni\u00f3n con el ministro de Econom\u00eda Sergio Massa por el mismo tema. \u201cTenemos que ser muy prudentes en los recursos del Estado\u201d, dijo el mandatario al t\u00e9rmino del encuentro vespertino.<\/p>\n<p>Asimismo, reiter\u00f3 que \u201cdebemos tener la misma pauta salarial todos los Poderes. Vamos a ser prudentes para poder pagar el sueldo, el aguinaldo y para poder seguir con la obra p\u00fablica\u201d.<\/p>\n<p>En este contexto, Ra\u00fal Jalil fue tajante al mencionar que \u201cel camino es el di\u00e1logo, la prudencia y el acuerdo, y en eso hay que seguir trabajando\u201d.<\/p>\n","protected":false},"excerpt":{"rendered":"<p>El Poder Ejecutivo Provincial, con el vicegobernador Rub\u00e9n Dusso a cargo, llev\u00f3 a cabo una serie de reuniones con referentes<\/p>\n","protected":false},"author":1,"featured_media":10014,"comment_status":"closed","ping_status":"closed","sticky":false,"template":"","format":"standard","meta":{"footnotes":"","jetpack_publicize_message":"","jetpack_publicize_feature_enabled":true,"jetpack_social_post_already_shared":true,"jetpack_social_options":{"image_generator_settings":{"template":"highway","enabled":false},"version":2}},"categories":[2],"tags":[],"class_list":["post-10013","post","type-post","status-publish","format-standard","has-post-thumbnail","hentry","category-locales"],"jetpack_publicize_connections":[],"_links":{"self":[{"href":"https:\/\/diariorepublica.com.ar\/web\/index.php\/wp-json\/wp\/v2\/posts\/10013"}],"collection":[{"href":"https:\/\/diariorepublica.com.ar\/web\/index.php\/wp-json\/wp\/v2\/posts"}],"about":[{"href":"https:\/\/diariorepublica.com.ar\/web\/index.php\/wp-json\/wp\/v2\/types\/post"}],"author":[{"embeddable":true,"href":"https:\/\/diariorepublica.com.ar\/web\/index.php\/wp-json\/wp\/v2\/users\/1"}],"replies":[{"embeddable":true,"href":"https:\/\/diariorepublica.com.ar\/web\/index.php\/wp-json\/wp\/v2\/comments?post=10013"}],"version-history":[{"count":1,"href":"https:\/\/diariorepublica.com.ar\/web\/index.php\/wp-json\/wp\/v2\/posts\/10013\/revisions"}],"predecessor-version":[{"id":10015,"href":"https:\/\/diariorepublica.com.ar\/web\/index.php\/wp-json\/wp\/v2\/posts\/10013\/revisions\/10015"}],"wp:featuredmedia":[{"embeddable":true,"href":"https:\/\/diariorepublica.com.ar\/web\/index.php\/wp-json\/wp\/v2\/media\/10014"}],"wp:attachment":[{"href":"https:\/\/diariorepublica.com.ar\/web\/index.php\/wp-json\/wp\/v2\/media?parent=10013"}],"wp:term":[{"taxonomy":"category","embeddable":true,"href":"https:\/\/diariorepublica.com.ar\/web\/index.php\/wp-json\/wp\/v2\/categories?post=10013"},{"taxonomy":"post_tag","embeddable":true,"href":"https:\/\/diariorepublica.com.ar\/web\/index.php\/wp-json\/wp\/v2\/tags?post=10013"}],"curies":[{"name":"wp","href":"https:\/\/api.w.org\/{rel}","templated":true}]}}