{"id":10019,"date":"2023-11-29T11:39:55","date_gmt":"2023-11-29T14:39:55","guid":{"rendered":"https:\/\/diariorepublica.com.ar\/web\/?p=10019"},"modified":"2023-11-29T11:39:57","modified_gmt":"2023-11-29T14:39:57","slug":"fecha-de-pago-confirmadas-para-el-bono-de-diciembre-y-medio-aguinaldo","status":"publish","type":"post","link":"https:\/\/diariorepublica.com.ar\/web\/index.php\/locales\/2023\/11\/29\/fecha-de-pago-confirmadas-para-el-bono-de-diciembre-y-medio-aguinaldo\/","title":{"rendered":"Fecha de pago confirmadas para el bono de diciembre y medio aguinaldo"},"content":{"rendered":"<p>El Ministerio de Econom\u00eda acord\u00f3 con los gremios que el viernes 15 de diciembre se har\u00e1 efectivo el pago de las bonificaciones especiales que totalizan $45.000 para los empleados de la Administraci\u00f3n P\u00fablica Provincial.<\/p>\n<p>Adem\u00e1s, se confirma que la segunda cuota del Sueldo Anual Complementario (Medio Aguinaldo) para Administraci\u00f3n P\u00fablica y Docentes tiene como fecha de acreditaci\u00f3n el viernes 22 de diciembre.<\/p>\n","protected":false},"excerpt":{"rendered":"<p>El Ministerio de Econom\u00eda acord\u00f3 con los gremios que el viernes 15 de diciembre se har\u00e1 efectivo el pago de<\/p>\n","protected":false},"author":1,"featured_media":10020,"comment_status":"closed","ping_status":"closed","sticky":false,"template":"","format":"standard","meta":{"footnotes":"","jetpack_publicize_message":"","jetpack_publicize_feature_enabled":true,"jetpack_social_post_already_shared":true,"jetpack_social_options":{"image_generator_settings":{"template":"highway","enabled":false},"version":2}},"categories":[2],"tags":[],"class_list":["post-10019","post","type-post","status-publish","format-standard","has-post-thumbnail","hentry","category-locales"],"jetpack_publicize_connections":[],"_links":{"self":[{"href":"https:\/\/diariorepublica.com.ar\/web\/index.php\/wp-json\/wp\/v2\/posts\/10019"}],"collection":[{"href":"https:\/\/diariorepublica.com.ar\/web\/index.php\/wp-json\/wp\/v2\/posts"}],"about":[{"href":"https:\/\/diariorepublica.com.ar\/web\/index.php\/wp-json\/wp\/v2\/types\/post"}],"author":[{"embeddable":true,"href":"https:\/\/diariorepublica.com.ar\/web\/index.php\/wp-json\/wp\/v2\/users\/1"}],"replies":[{"embeddable":true,"href":"https:\/\/diariorepublica.com.ar\/web\/index.php\/wp-json\/wp\/v2\/comments?post=10019"}],"version-history":[{"count":1,"href":"https:\/\/diariorepublica.com.ar\/web\/index.php\/wp-json\/wp\/v2\/posts\/10019\/revisions"}],"predecessor-version":[{"id":10021,"href":"https:\/\/diariorepublica.com.ar\/web\/index.php\/wp-json\/wp\/v2\/posts\/10019\/revisions\/10021"}],"wp:featuredmedia":[{"embeddable":true,"href":"https:\/\/diariorepublica.com.ar\/web\/index.php\/wp-json\/wp\/v2\/media\/10020"}],"wp:attachment":[{"href":"https:\/\/diariorepublica.com.ar\/web\/index.php\/wp-json\/wp\/v2\/media?parent=10019"}],"wp:term":[{"taxonomy":"category","embeddable":true,"href":"https:\/\/diariorepublica.com.ar\/web\/index.php\/wp-json\/wp\/v2\/categories?post=10019"},{"taxonomy":"post_tag","embeddable":true,"href":"https:\/\/diariorepublica.com.ar\/web\/index.php\/wp-json\/wp\/v2\/tags?post=10019"}],"curies":[{"name":"wp","href":"https:\/\/api.w.org\/{rel}","templated":true}]}}