{"id":10022,"date":"2023-11-29T11:42:41","date_gmt":"2023-11-29T14:42:41","guid":{"rendered":"https:\/\/diariorepublica.com.ar\/web\/?p=10022"},"modified":"2023-11-29T11:42:43","modified_gmt":"2023-11-29T14:42:43","slug":"javier-milei-anticipo-que-habra-estanflacion-en-los-primeros-meses-de-su-gobierno","status":"publish","type":"post","link":"https:\/\/diariorepublica.com.ar\/web\/index.php\/economia\/2023\/11\/29\/javier-milei-anticipo-que-habra-estanflacion-en-los-primeros-meses-de-su-gobierno\/","title":{"rendered":"Javier Milei anticip\u00f3 que habr\u00e1 \u00abestanflaci\u00f3n\u00bb en los primeros meses de su gobierno"},"content":{"rendered":"<article class=\"article-body article-body--first-paragraph content-protected-false\" data-td-script-src=\"https:\/\/www.ambito.com\/td\/modulos\/encuestas\/js\/function-embeds-min-version-1701144461.js\">El presidente electo,<strong>\u00a0Javier Milei,<\/strong>\u00a0dijo que aspira a que las medidas que tomar\u00e1 el equipo econ\u00f3mico que pondr\u00e1 en funciones luego del cambio de Gobierno permitan terminar con la inflaci\u00f3n en un lapso de\u00a0<strong>18 a 24 meses<\/strong>, pero asegur\u00f3 que la primera parte de su gesti\u00f3n va a estar signada por una ca\u00edda en la actividad econ\u00f3mica y\u00a0<strong>altos niveles de inflaci\u00f3n que ya fue producida por las pol\u00edticas llevadas adelante en los \u00faltimos meses<\/strong>\u00a0y que act\u00faan sobre el nivel general de precios con hasta dos a\u00f1os de rezago. \u201c<strong>Va a haber una estanflaci\u00f3n<\/strong>\u201d, dijo el mandatario entrante.<\/p>\n<\/article>\n<article class=\"article-body article-body--second-paragraph content-protected-false\">\n<h6>\u00bfQu\u00e9 es la estanflaci\u00f3n?<\/h6>\n<p>La estanflaci\u00f3n es un t\u00e9rmino acu\u00f1ado para definir situaciones macro en las que la actividad econ\u00f3mica se estanca o cae al mismo tiempo que la inflaci\u00f3n se mantiene alta.<\/p>\n<article class=\"article-body article-body--third-paragraph content-protected-false\">\n<p class=\"p1\">Tal como explica la directora de NM Consultora,<strong>\u00a0Natalia Motyl<\/strong>, en declaraciones a\u00a0<strong>\u00c1mbito<\/strong>, la estanflaci\u00f3n es la suma de la\u00a0<strong>inflaci\u00f3n<\/strong>\u00a0(cuando los precios de las cosas que compramos suben) y el\u00a0<strong>estancamiento econ\u00f3mico<\/strong>, es decir, las empresas no producen m\u00e1s cosas, no se genera m\u00e1s empleo y la gente no recibe m\u00e1s plata por su trabajo.<\/p>\n<\/article>\n<article class=\"article-body article-body--fourth-paragraph content-protected-false\">\n<p class=\"p1\">Esto, seg\u00fan la economista, se traduce en que \u201c<strong>con su plata, la gente no compra m\u00e1s cosas porque los salarios no crecen y los precios aumentan fuerte<\/strong>\u201d. Asimismo, advierte que cuando hay estanflaci\u00f3n se genera \u201c<strong>menos empleo porque las empresas no crecen<\/strong>\u201d.<\/p>\n<\/article>\n<article class=\"article-body article-body--remaining-paragraph content-protected-false\">\n<p class=\"p1\">Motyl indica que es un fen\u00f3meno de por m\u00e1s \u201c<strong>dif\u00edcil de combatir<\/strong>\u201d porque pol\u00edtica monetaria o fiscal para resolver el tema de la inflaci\u00f3n o estancamiento son contrarias entre s\u00ed. Por ejemplo, una pol\u00edtica fiscal que ponga plata en el bolsillo a la gente estimular\u00eda a que las personas compren m\u00e1s bienes o servicios, revertir\u00eda las expectativas de la gente que las produce, por lo que la producci\u00f3n aumentar\u00eda. \u201cEso apuntar\u00eda a revertir el estancamiento,\u00a0<strong>pero agravar\u00eda enormemente la inflaci\u00f3n, ya que con la misma producci\u00f3n y m\u00e1s demanda, aumentar\u00e1n los precios\u00bb,\u00a0<\/strong>asevera la analista.<\/p>\n<p class=\"p1\">Lo que quiere decir Motyl es que, las medidas para frenar la inflaci\u00f3n, como el aumento de las tasas de inter\u00e9s o el incremento de la presi\u00f3n fiscal, suelen disminuir el consumo, lo que a su vez afecta el crecimiento econ\u00f3mico. Por otro lado, las iniciativas para impulsar la econom\u00eda, como la reducci\u00f3n de las tasas de inter\u00e9s o el aumento del gasto p\u00fablico,\u00a0<strong>pueden generar un alza en los precios y, por ende, en la inflaci\u00f3n.<\/strong><\/p>\n<p>Fuente: ambito.com<\/p>\n<\/article>\n<\/article>\n","protected":false},"excerpt":{"rendered":"<p>El presidente electo,\u00a0Javier Milei,\u00a0dijo que aspira a que las medidas que tomar\u00e1 el equipo econ\u00f3mico que pondr\u00e1 en funciones luego<\/p>\n","protected":false},"author":1,"featured_media":10023,"comment_status":"closed","ping_status":"closed","sticky":false,"template":"","format":"standard","meta":{"footnotes":"","jetpack_publicize_message":"","jetpack_publicize_feature_enabled":true,"jetpack_social_post_already_shared":true,"jetpack_social_options":{"image_generator_settings":{"template":"highway","enabled":false},"version":2}},"categories":[5],"tags":[],"class_list":["post-10022","post","type-post","status-publish","format-standard","has-post-thumbnail","hentry","category-economia"],"jetpack_publicize_connections":[],"_links":{"self":[{"href":"https:\/\/diariorepublica.com.ar\/web\/index.php\/wp-json\/wp\/v2\/posts\/10022"}],"collection":[{"href":"https:\/\/diariorepublica.com.ar\/web\/index.php\/wp-json\/wp\/v2\/posts"}],"about":[{"href":"https:\/\/diariorepublica.com.ar\/web\/index.php\/wp-json\/wp\/v2\/types\/post"}],"author":[{"embeddable":true,"href":"https:\/\/diariorepublica.com.ar\/web\/index.php\/wp-json\/wp\/v2\/users\/1"}],"replies":[{"embeddable":true,"href":"https:\/\/diariorepublica.com.ar\/web\/index.php\/wp-json\/wp\/v2\/comments?post=10022"}],"version-history":[{"count":1,"href":"https:\/\/diariorepublica.com.ar\/web\/index.php\/wp-json\/wp\/v2\/posts\/10022\/revisions"}],"predecessor-version":[{"id":10024,"href":"https:\/\/diariorepublica.com.ar\/web\/index.php\/wp-json\/wp\/v2\/posts\/10022\/revisions\/10024"}],"wp:featuredmedia":[{"embeddable":true,"href":"https:\/\/diariorepublica.com.ar\/web\/index.php\/wp-json\/wp\/v2\/media\/10023"}],"wp:attachment":[{"href":"https:\/\/diariorepublica.com.ar\/web\/index.php\/wp-json\/wp\/v2\/media?parent=10022"}],"wp:term":[{"taxonomy":"category","embeddable":true,"href":"https:\/\/diariorepublica.com.ar\/web\/index.php\/wp-json\/wp\/v2\/categories?post=10022"},{"taxonomy":"post_tag","embeddable":true,"href":"https:\/\/diariorepublica.com.ar\/web\/index.php\/wp-json\/wp\/v2\/tags?post=10022"}],"curies":[{"name":"wp","href":"https:\/\/api.w.org\/{rel}","templated":true}]}}