{"id":10025,"date":"2023-11-29T11:50:35","date_gmt":"2023-11-29T14:50:35","guid":{"rendered":"https:\/\/diariorepublica.com.ar\/web\/?p=10025"},"modified":"2023-11-29T11:50:37","modified_gmt":"2023-11-29T14:50:37","slug":"scaloni-estara-en-el-sorteo-de-la-copa-america","status":"publish","type":"post","link":"https:\/\/diariorepublica.com.ar\/web\/index.php\/deportes\/2023\/11\/29\/scaloni-estara-en-el-sorteo-de-la-copa-america\/","title":{"rendered":"Scaloni estar\u00e1 en el sorteo de la Copa Am\u00e9rica"},"content":{"rendered":"<p><b>La noticia, si bien no confirma su permanencia en el cargo, fue tomada con marcado optimismo<\/b>\u00a0tanto en el resto del cuerpo t\u00e9cnico como en AFA, donde la ven como\u00a0<b>un indicio de continuidad<\/b>\u00a0de uno de los ciclos m\u00e1s brillantes de la Albiceleste.<\/p>\n<p>En los \u00faltimos d\u00edas hab\u00eda trascendido que solo acompa\u00f1ar\u00eda a Claudio Tapia, el preparador f\u00edsico Luis Mart\u00edn porque el DT se iba a quedar en Espa\u00f1a mientras segu\u00eda pensando acerca de su futuro.<\/p>\n<p>Ahora estar\u00e1n los tres y se descuenta que se dar\u00e1 la charla con el Chiqui, para tratar de acercar posiciones y garantizar al padre de la Scaloneta, al menos hasta el cierre de la Copa Am\u00e9rica, aunque su contrato finaliza reci\u00e9n despu\u00e9s del Mundial de M\u00e9xico, Canad\u00e1 y Estados Unidos de 2026.<\/p>\n<h6>Los motivos que llevaron a Scaloni en poner en duda su permancia en la Selecci\u00f3n Argentina<\/h6>\n<ul>\n<li>La renovaci\u00f3n de su contrato, el cu\u00e1l se extendi\u00f3 hasta fines del Mundial de 2026, no fue sencilla y gener\u00f3 desgaste. Incluso antes de Qatar 2022 no llegaron con los n\u00fameros acordados y se especul\u00f3 con una posible salida del DT, algo que finalmente no ocurri\u00f3.<\/li>\n<li>El desgaste en la relaci\u00f3n con los dirigentes, por distintas cuestiones. Comenz\u00f3 con lo antes mencionado de la extensi\u00f3n del v\u00ednculo y luego siguieron aspectos de la log\u00edstica del d\u00eda a d\u00eda.<\/li>\n<li>La programaci\u00f3n de partidos amistosos con rivales que para \u00e9l no aportaban demasiado y alg\u00fan retraso en el pago de premios por ganar la Copa del Mundo, que no fue determinante pero s\u00ed sum\u00f3 al malestar.<\/li>\n<\/ul>\n<p>Fuente: tycsports.com<\/p>\n","protected":false},"excerpt":{"rendered":"<p>La noticia, si bien no confirma su permanencia en el cargo, fue tomada con marcado optimismo\u00a0tanto en el resto del<\/p>\n","protected":false},"author":1,"featured_media":10026,"comment_status":"closed","ping_status":"closed","sticky":false,"template":"","format":"standard","meta":{"footnotes":"","jetpack_publicize_message":"","jetpack_publicize_feature_enabled":true,"jetpack_social_post_already_shared":true,"jetpack_social_options":{"image_generator_settings":{"template":"highway","enabled":false},"version":2}},"categories":[9],"tags":[],"class_list":["post-10025","post","type-post","status-publish","format-standard","has-post-thumbnail","hentry","category-deportes"],"jetpack_publicize_connections":[],"_links":{"self":[{"href":"https:\/\/diariorepublica.com.ar\/web\/index.php\/wp-json\/wp\/v2\/posts\/10025"}],"collection":[{"href":"https:\/\/diariorepublica.com.ar\/web\/index.php\/wp-json\/wp\/v2\/posts"}],"about":[{"href":"https:\/\/diariorepublica.com.ar\/web\/index.php\/wp-json\/wp\/v2\/types\/post"}],"author":[{"embeddable":true,"href":"https:\/\/diariorepublica.com.ar\/web\/index.php\/wp-json\/wp\/v2\/users\/1"}],"replies":[{"embeddable":true,"href":"https:\/\/diariorepublica.com.ar\/web\/index.php\/wp-json\/wp\/v2\/comments?post=10025"}],"version-history":[{"count":1,"href":"https:\/\/diariorepublica.com.ar\/web\/index.php\/wp-json\/wp\/v2\/posts\/10025\/revisions"}],"predecessor-version":[{"id":10027,"href":"https:\/\/diariorepublica.com.ar\/web\/index.php\/wp-json\/wp\/v2\/posts\/10025\/revisions\/10027"}],"wp:featuredmedia":[{"embeddable":true,"href":"https:\/\/diariorepublica.com.ar\/web\/index.php\/wp-json\/wp\/v2\/media\/10026"}],"wp:attachment":[{"href":"https:\/\/diariorepublica.com.ar\/web\/index.php\/wp-json\/wp\/v2\/media?parent=10025"}],"wp:term":[{"taxonomy":"category","embeddable":true,"href":"https:\/\/diariorepublica.com.ar\/web\/index.php\/wp-json\/wp\/v2\/categories?post=10025"},{"taxonomy":"post_tag","embeddable":true,"href":"https:\/\/diariorepublica.com.ar\/web\/index.php\/wp-json\/wp\/v2\/tags?post=10025"}],"curies":[{"name":"wp","href":"https:\/\/api.w.org\/{rel}","templated":true}]}}