{"id":10028,"date":"2023-11-29T12:37:03","date_gmt":"2023-11-29T15:37:03","guid":{"rendered":"https:\/\/diariorepublica.com.ar\/web\/?p=10028"},"modified":"2023-11-29T12:37:05","modified_gmt":"2023-11-29T15:37:05","slug":"hamas-anuncio-que-el-rehen-argentino-de-10-meses-su-hermano-y-su-madre-murieron-durante-un-bombardeo","status":"publish","type":"post","link":"https:\/\/diariorepublica.com.ar\/web\/index.php\/internacionales\/2023\/11\/29\/hamas-anuncio-que-el-rehen-argentino-de-10-meses-su-hermano-y-su-madre-murieron-durante-un-bombardeo\/","title":{"rendered":"Ham\u00e1s anunci\u00f3 que el reh\u00e9n argentino de 10 meses, su hermano y su madre murieron durante un bombardeo"},"content":{"rendered":"<p>Una triste noticia lleg\u00f3 este mi\u00e9rcoles por parte del brazo armado\u00a0del grupo palestino Ham\u00e1s. Seg\u00fan lo que informaron,\u00a0<strong>el argentino Kfir Bibas, de 10 meses, su hermano de cuatro a\u00f1os y su madre fallecieron durante bombardeos israel\u00edes sobre Gaza<\/strong>, antes de que comience la tregua humanitaria.<\/p>\n<p>De todos modos,\u00a0<strong>el Ej\u00e9rcito de Israel todav\u00eda no pudo comprobar la informaci\u00f3n que entregaron las Brigadas Al-Qassam<\/strong>\u00a0y lo mismo ocurri\u00f3 con Reuters, que no logr\u00f3 verificar la noticia, seg\u00fan inform\u00f3 la agencia de noticias.<\/p>\n<p><strong>Daniel Hagari<\/strong>, el vocero militar israel\u00ed. confirm\u00f3 d\u00edas atr\u00e1s que la familia Bibas, entre las que se encontraba el beb\u00e9 de diez meses,\u00a0<strong>no hab\u00eda sido raptada por Ham\u00e1s, ya que hab\u00eda quedado bajo custodia de otra de las facciones armadas<\/strong>\u00a0del enclave palestino.<\/p>\n<p>\u00ab<strong>La responsabilidad de su suerte recae por igual en Ham\u00e1s\u00bb<\/strong>, aclar\u00f3 el funcionario de Israel. Un segundo vocero militar aport\u00f3 que, seg\u00fan sus servicios de inteligencia,\u00a0<strong>la familia estaba actualmente en la regi\u00f3n de Khan Younis<\/strong>, en la zona sur de la Franja de Gaza.<\/p>\n<p>Ante\u00a0la liberaci\u00f3n de ni\u00f1os y mujeres\u00a0que tuvo lugar desde que comenz\u00f3 la tregua humanitaria, el t\u00edo de los menores de edad,<strong>\u00a0Eylon Keshet<\/strong>, brind\u00f3 un reportaje en el que pidi\u00f3 por el regreso de sus familiares.<\/p>\n","protected":false},"excerpt":{"rendered":"<p>Una triste noticia lleg\u00f3 este mi\u00e9rcoles por parte del brazo armado\u00a0del grupo palestino Ham\u00e1s. Seg\u00fan lo que informaron,\u00a0el argentino Kfir<\/p>\n","protected":false},"author":1,"featured_media":10029,"comment_status":"closed","ping_status":"closed","sticky":false,"template":"","format":"standard","meta":{"footnotes":"","jetpack_publicize_message":"","jetpack_publicize_feature_enabled":true,"jetpack_social_post_already_shared":true,"jetpack_social_options":{"image_generator_settings":{"template":"highway","enabled":false},"version":2}},"categories":[6],"tags":[],"class_list":["post-10028","post","type-post","status-publish","format-standard","has-post-thumbnail","hentry","category-internacionales"],"jetpack_publicize_connections":[],"_links":{"self":[{"href":"https:\/\/diariorepublica.com.ar\/web\/index.php\/wp-json\/wp\/v2\/posts\/10028"}],"collection":[{"href":"https:\/\/diariorepublica.com.ar\/web\/index.php\/wp-json\/wp\/v2\/posts"}],"about":[{"href":"https:\/\/diariorepublica.com.ar\/web\/index.php\/wp-json\/wp\/v2\/types\/post"}],"author":[{"embeddable":true,"href":"https:\/\/diariorepublica.com.ar\/web\/index.php\/wp-json\/wp\/v2\/users\/1"}],"replies":[{"embeddable":true,"href":"https:\/\/diariorepublica.com.ar\/web\/index.php\/wp-json\/wp\/v2\/comments?post=10028"}],"version-history":[{"count":1,"href":"https:\/\/diariorepublica.com.ar\/web\/index.php\/wp-json\/wp\/v2\/posts\/10028\/revisions"}],"predecessor-version":[{"id":10030,"href":"https:\/\/diariorepublica.com.ar\/web\/index.php\/wp-json\/wp\/v2\/posts\/10028\/revisions\/10030"}],"wp:featuredmedia":[{"embeddable":true,"href":"https:\/\/diariorepublica.com.ar\/web\/index.php\/wp-json\/wp\/v2\/media\/10029"}],"wp:attachment":[{"href":"https:\/\/diariorepublica.com.ar\/web\/index.php\/wp-json\/wp\/v2\/media?parent=10028"}],"wp:term":[{"taxonomy":"category","embeddable":true,"href":"https:\/\/diariorepublica.com.ar\/web\/index.php\/wp-json\/wp\/v2\/categories?post=10028"},{"taxonomy":"post_tag","embeddable":true,"href":"https:\/\/diariorepublica.com.ar\/web\/index.php\/wp-json\/wp\/v2\/tags?post=10028"}],"curies":[{"name":"wp","href":"https:\/\/api.w.org\/{rel}","templated":true}]}}