{"id":10041,"date":"2023-11-30T07:37:01","date_gmt":"2023-11-30T10:37:01","guid":{"rendered":"https:\/\/diariorepublica.com.ar\/web\/?p=10041"},"modified":"2023-11-30T07:37:03","modified_gmt":"2023-11-30T10:37:03","slug":"el-economista-y-periodista-manuel-adorni-sera-el-vocero-de-javier-milei","status":"publish","type":"post","link":"https:\/\/diariorepublica.com.ar\/web\/index.php\/politica\/2023\/11\/30\/el-economista-y-periodista-manuel-adorni-sera-el-vocero-de-javier-milei\/","title":{"rendered":"El economista y periodista Manuel Adorni ser\u00e1 el vocero de Javier Milei"},"content":{"rendered":"<p>El economista y periodista Manuel Adorni ser\u00e1 el vocero del presidente electo, Javier Milei, seg\u00fan anunci\u00f3\u00a0su Oficina de Prensa.\u00a0Se trata de una figura con gran experiencia en el debate p\u00fablico, sobre todo en temas vinculados a la macroeconom\u00eda.<\/p>\n<p>\u00abA partir del 10 de Diciembre ser\u00e9 el Vocero Presidencial. Agradezco enormemente al Presidente electo Javier Milei por haber depositado en m\u00ed la confianza para ejercer tama\u00f1a responsabilidad. Fin\u00bb, escribi\u00f3 en su cuenta de Twitter Manuel Adorni para anunciar la noticia.<\/p>\n<p>La semana pasada, tras la victoria en el balotaje, Adorni fue uno de los primeros en entrevistar a Milei para su canal de Youtube.\u00a0El periodista y el presidente electo se conocen desde hace tiempo y mantienen una relaci\u00f3n de amistad.<\/p>\n<p>El domingo 19 de noviembre, tras imponerse en el balotaje sobre el candidato de Uni\u00f3n por la Patria, Sergio Massa, Adorni felicit\u00f3 a Milei a trav\u00e9s de su cuenta en la red social X.\u00a0\u00abFelicitaciones a mi querido amigo y Presidente electo Javier Milei. Dios acompa\u00f1e y bendiga a la Argentina\u00bb, escribi\u00f3 el consultor.<\/p>\n<p>La primera opci\u00f3n, al menos que se conoci\u00f3 p\u00fablicamente, fue la de la periodista Marina Calabr\u00f3, quien prefiri\u00f3 rechazar la oferta.\u00a0Actualmente, quien lleva los hilos de la comunicaci\u00f3n de Milei es Leandro Vila, que acompa\u00f1\u00f3 al libertario durante toda su aventura presidencial.<\/p>\n<p>Adorni, adem\u00e1s de consultor, es profesor en ESEADE. A su vez, participa como columnista en varios programas de televisi\u00f3n, radio (fue conductor de No Va M\u00e1s, en Radio Rivadavia) y escribe cada domingo una columna en Noticias Argentinas.\u00a0En uno de sus \u00faltimos tuits, Adorni elogi\u00f3 a Milei por su paso por Nueva York y Washington. All\u00ed, el mandatario electo mantuvo reuniones con representantes de la Casa Blanca, el Tesoro y Fondo Monetario Internacional.<\/p>\n<p>\u00abEl Presidente electo Javier Milei parece haber hecho en 48 horas mucho m\u00e1s por las relaciones internacionales del pa\u00eds que el propio Alberto Fern\u00e1ndez en sus 4 a\u00f1os de gobierno\u00bb, evalu\u00f3 el periodista.<\/p>\n","protected":false},"excerpt":{"rendered":"<p>El economista y periodista Manuel Adorni ser\u00e1 el vocero del presidente electo, Javier Milei, seg\u00fan anunci\u00f3\u00a0su Oficina de Prensa.\u00a0Se trata<\/p>\n","protected":false},"author":1,"featured_media":10042,"comment_status":"closed","ping_status":"closed","sticky":false,"template":"","format":"standard","meta":{"footnotes":"","jetpack_publicize_message":"","jetpack_publicize_feature_enabled":true,"jetpack_social_post_already_shared":true,"jetpack_social_options":{"image_generator_settings":{"template":"highway","enabled":false},"version":2}},"categories":[12],"tags":[],"class_list":["post-10041","post","type-post","status-publish","format-standard","has-post-thumbnail","hentry","category-politica"],"jetpack_publicize_connections":[],"_links":{"self":[{"href":"https:\/\/diariorepublica.com.ar\/web\/index.php\/wp-json\/wp\/v2\/posts\/10041"}],"collection":[{"href":"https:\/\/diariorepublica.com.ar\/web\/index.php\/wp-json\/wp\/v2\/posts"}],"about":[{"href":"https:\/\/diariorepublica.com.ar\/web\/index.php\/wp-json\/wp\/v2\/types\/post"}],"author":[{"embeddable":true,"href":"https:\/\/diariorepublica.com.ar\/web\/index.php\/wp-json\/wp\/v2\/users\/1"}],"replies":[{"embeddable":true,"href":"https:\/\/diariorepublica.com.ar\/web\/index.php\/wp-json\/wp\/v2\/comments?post=10041"}],"version-history":[{"count":1,"href":"https:\/\/diariorepublica.com.ar\/web\/index.php\/wp-json\/wp\/v2\/posts\/10041\/revisions"}],"predecessor-version":[{"id":10043,"href":"https:\/\/diariorepublica.com.ar\/web\/index.php\/wp-json\/wp\/v2\/posts\/10041\/revisions\/10043"}],"wp:featuredmedia":[{"embeddable":true,"href":"https:\/\/diariorepublica.com.ar\/web\/index.php\/wp-json\/wp\/v2\/media\/10042"}],"wp:attachment":[{"href":"https:\/\/diariorepublica.com.ar\/web\/index.php\/wp-json\/wp\/v2\/media?parent=10041"}],"wp:term":[{"taxonomy":"category","embeddable":true,"href":"https:\/\/diariorepublica.com.ar\/web\/index.php\/wp-json\/wp\/v2\/categories?post=10041"},{"taxonomy":"post_tag","embeddable":true,"href":"https:\/\/diariorepublica.com.ar\/web\/index.php\/wp-json\/wp\/v2\/tags?post=10041"}],"curies":[{"name":"wp","href":"https:\/\/api.w.org\/{rel}","templated":true}]}}