{"id":10066,"date":"2023-11-30T11:37:52","date_gmt":"2023-11-30T14:37:52","guid":{"rendered":"https:\/\/diariorepublica.com.ar\/web\/?p=10066"},"modified":"2023-11-30T11:37:54","modified_gmt":"2023-11-30T14:37:54","slug":"se-llevo-adelante-la-cuarta-charla-por-40-anos-de-democracia","status":"publish","type":"post","link":"https:\/\/diariorepublica.com.ar\/web\/index.php\/locales\/2023\/11\/30\/se-llevo-adelante-la-cuarta-charla-por-40-anos-de-democracia\/","title":{"rendered":"Se llev\u00f3 adelante la cuarta charla por 40 a\u00f1os de Democracia"},"content":{"rendered":"<p>Este mi\u00e9rcoles en la Biblioteca del Senado, se llev\u00f3 adelante el cuarto encuentro del ciclo acad\u00e9mico \u00abMemorias de 40 a\u00f1os de Democracia en Catamarca &#8211; Las voces de sus protagonistas\u00bb, una iniciativa de la Vicegobernaci\u00f3n, a cargo del Ing. Rub\u00e9n Dusso, junto a la Universidad Nacional de Catamarca y la diputada nacional Anah\u00ed Costa, con el objetivo de conmemorar los 40 a\u00f1os de la democracia en Catamarca, a trav\u00e9s de la voz de sus protagonistas, buscando a su vez contribuir a la producci\u00f3n de datos historiogr\u00e1ficos que puedan ser usados por los investigadores del ma\u00f1ana.<\/p>\n<p>En este segundo conversatorio, titulado \u00abEducaci\u00f3n, Universidad y Sociedad catamarque\u00f1a\u00bb, coordinado por la Mgter. Mirtha Guillamondegui, cont\u00f3 con la presencia del Dr. Jos\u00e9 Yuni; con el Rector de la UNCa, Ing. Oscar Arellano; y del ex Rector de la casa de altos estudios de Catamarca, Ing. Julio Salerno.<\/p>\n<p>El objetivo del programa es recuperar las experiencias vitales de los protagonistas que han participado activamente del proceso democr\u00e1tico en estos 40 a\u00f1os, propiciando un aporte al fortalecimiento de la democracia y a la participaci\u00f3n de diferentes sectores de la ciudadan\u00eda a partir de una reflexi\u00f3n sobre estas d\u00e9cadas. A la vez el ciclo busca registrar los testimonios de las y los actores que han participado de los procesos en Catamarca desde 1983, promoviendo una base de datos y registro f\u00edlmico de audio que quede tanto en la Biblioteca del Senado, como en la nube como testimonios digitales.<\/p>\n<p>La cita, tanto para este como para cada uno de los pr\u00f3ximos encuentros, es abierta para toda la comunidad catamarque\u00f1a as\u00ed como para el sistema educativo provincial y de la universidad.<\/p>\n<p>Los pr\u00f3ximos encuentros, abiertos al p\u00fablico, tendr\u00e1n lugar los d\u00edas 1 y 6 de diciembre, en la Biblioteca Mario Dardo Aguirre<\/p>\n","protected":false},"excerpt":{"rendered":"<p>Este mi\u00e9rcoles en la Biblioteca del Senado, se llev\u00f3 adelante el cuarto encuentro del ciclo acad\u00e9mico \u00abMemorias de 40 a\u00f1os<\/p>\n","protected":false},"author":1,"featured_media":10067,"comment_status":"closed","ping_status":"closed","sticky":false,"template":"","format":"standard","meta":{"footnotes":"","jetpack_publicize_message":"","jetpack_publicize_feature_enabled":true,"jetpack_social_post_already_shared":true,"jetpack_social_options":{"image_generator_settings":{"template":"highway","enabled":false},"version":2}},"categories":[2],"tags":[],"class_list":["post-10066","post","type-post","status-publish","format-standard","has-post-thumbnail","hentry","category-locales"],"jetpack_publicize_connections":[],"_links":{"self":[{"href":"https:\/\/diariorepublica.com.ar\/web\/index.php\/wp-json\/wp\/v2\/posts\/10066"}],"collection":[{"href":"https:\/\/diariorepublica.com.ar\/web\/index.php\/wp-json\/wp\/v2\/posts"}],"about":[{"href":"https:\/\/diariorepublica.com.ar\/web\/index.php\/wp-json\/wp\/v2\/types\/post"}],"author":[{"embeddable":true,"href":"https:\/\/diariorepublica.com.ar\/web\/index.php\/wp-json\/wp\/v2\/users\/1"}],"replies":[{"embeddable":true,"href":"https:\/\/diariorepublica.com.ar\/web\/index.php\/wp-json\/wp\/v2\/comments?post=10066"}],"version-history":[{"count":1,"href":"https:\/\/diariorepublica.com.ar\/web\/index.php\/wp-json\/wp\/v2\/posts\/10066\/revisions"}],"predecessor-version":[{"id":10068,"href":"https:\/\/diariorepublica.com.ar\/web\/index.php\/wp-json\/wp\/v2\/posts\/10066\/revisions\/10068"}],"wp:featuredmedia":[{"embeddable":true,"href":"https:\/\/diariorepublica.com.ar\/web\/index.php\/wp-json\/wp\/v2\/media\/10067"}],"wp:attachment":[{"href":"https:\/\/diariorepublica.com.ar\/web\/index.php\/wp-json\/wp\/v2\/media?parent=10066"}],"wp:term":[{"taxonomy":"category","embeddable":true,"href":"https:\/\/diariorepublica.com.ar\/web\/index.php\/wp-json\/wp\/v2\/categories?post=10066"},{"taxonomy":"post_tag","embeddable":true,"href":"https:\/\/diariorepublica.com.ar\/web\/index.php\/wp-json\/wp\/v2\/tags?post=10066"}],"curies":[{"name":"wp","href":"https:\/\/api.w.org\/{rel}","templated":true}]}}