{"id":1007,"date":"2023-04-05T09:05:41","date_gmt":"2023-04-05T12:05:41","guid":{"rendered":"https:\/\/diariorepublica.com.ar\/web\/?p=1007"},"modified":"2023-04-05T09:05:41","modified_gmt":"2023-04-05T12:05:41","slug":"docentes-municipales-de-santa-maria-continuan-reclamando-traspaso-hacia-la-provincia","status":"publish","type":"post","link":"https:\/\/diariorepublica.com.ar\/web\/index.php\/sociedad\/2023\/04\/05\/docentes-municipales-de-santa-maria-continuan-reclamando-traspaso-hacia-la-provincia\/","title":{"rendered":"Docentes municipales de Santa Maria contin\u00faan reclamando traspaso hac\u00eda la Provincia"},"content":{"rendered":"<p>\u00a0Las medidas de fuerza de los docentes de la Escuela Municipal de Santa Mar\u00eda contin\u00faan sin una soluci\u00f3n ante la exigencia a las autoridades del Ministerio de Educaci\u00f3n que se cumpla con el compromiso de que sean traspasados a la \u00f3rbita de la provincia. Ayer, realizaron un abrazo simb\u00f3lico a la instituci\u00f3n y hoy van a interrumpir el tr\u00e1nsito en la Ruta Nacional 40.<\/p>\n<p>Juan Ram\u00f3n Fuenzalida, secretario general ATE Santa Mar\u00eda, indic\u00f3 que es necesaria una medida urgente para que los ni\u00f1os y j\u00f3venes puedan tener clases<\/p>\n<p>\u201cHubo medidas de fuerza en todo marzo y empezamos abril sin que los docentes est\u00e9n dando clases. La semana que viene, el 9 de abril, se va a cumplir un a\u00f1o del compromiso del Ejecutivo municipal por parte del intendente Juan Pablo S\u00e1nchez, el cual hizo la gesti\u00f3n hacia el Gobierno provincial para que los docentes sean reconocidos. Est\u00e1n ejerciendo la docencia en la escuela municipal pero no son reconocidos como tal por el Ministerio de Educaci\u00f3n: son empleados municipales ejerciendo la docencia en una escuela municipal\u201d, grafic\u00f3 Fuenzalida.<\/p>\n<p>Coment\u00f3 que estas gestiones empezaron hace \u201cmuchos a\u00f1os\u201d y que lograron \u201ctener el ok\u201d de la Provincia, lo que falta es la articulaci\u00f3n por parte del ministerio que conduce Andrea Centuri\u00f3n.<\/p>\n<p>\u00a0<\/p>\n\n\n<p><\/p>\n","protected":false},"excerpt":{"rendered":"<p>\u00a0Las medidas de fuerza de los docentes de la Escuela Municipal de Santa Mar\u00eda contin\u00faan sin una soluci\u00f3n ante la<\/p>\n","protected":false},"author":2,"featured_media":1008,"comment_status":"closed","ping_status":"closed","sticky":false,"template":"","format":"standard","meta":{"footnotes":"","jetpack_publicize_message":"","jetpack_publicize_feature_enabled":true,"jetpack_social_post_already_shared":false,"jetpack_social_options":{"image_generator_settings":{"template":"highway","enabled":false},"version":2}},"categories":[3],"tags":[],"class_list":["post-1007","post","type-post","status-publish","format-standard","has-post-thumbnail","hentry","category-sociedad"],"jetpack_publicize_connections":[],"_links":{"self":[{"href":"https:\/\/diariorepublica.com.ar\/web\/index.php\/wp-json\/wp\/v2\/posts\/1007"}],"collection":[{"href":"https:\/\/diariorepublica.com.ar\/web\/index.php\/wp-json\/wp\/v2\/posts"}],"about":[{"href":"https:\/\/diariorepublica.com.ar\/web\/index.php\/wp-json\/wp\/v2\/types\/post"}],"author":[{"embeddable":true,"href":"https:\/\/diariorepublica.com.ar\/web\/index.php\/wp-json\/wp\/v2\/users\/2"}],"replies":[{"embeddable":true,"href":"https:\/\/diariorepublica.com.ar\/web\/index.php\/wp-json\/wp\/v2\/comments?post=1007"}],"version-history":[{"count":1,"href":"https:\/\/diariorepublica.com.ar\/web\/index.php\/wp-json\/wp\/v2\/posts\/1007\/revisions"}],"predecessor-version":[{"id":1009,"href":"https:\/\/diariorepublica.com.ar\/web\/index.php\/wp-json\/wp\/v2\/posts\/1007\/revisions\/1009"}],"wp:featuredmedia":[{"embeddable":true,"href":"https:\/\/diariorepublica.com.ar\/web\/index.php\/wp-json\/wp\/v2\/media\/1008"}],"wp:attachment":[{"href":"https:\/\/diariorepublica.com.ar\/web\/index.php\/wp-json\/wp\/v2\/media?parent=1007"}],"wp:term":[{"taxonomy":"category","embeddable":true,"href":"https:\/\/diariorepublica.com.ar\/web\/index.php\/wp-json\/wp\/v2\/categories?post=1007"},{"taxonomy":"post_tag","embeddable":true,"href":"https:\/\/diariorepublica.com.ar\/web\/index.php\/wp-json\/wp\/v2\/tags?post=1007"}],"curies":[{"name":"wp","href":"https:\/\/api.w.org\/{rel}","templated":true}]}}