{"id":10113,"date":"2023-12-01T11:20:17","date_gmt":"2023-12-01T14:20:17","guid":{"rendered":"https:\/\/diariorepublica.com.ar\/web\/?p=10113"},"modified":"2023-12-01T11:20:19","modified_gmt":"2023-12-01T14:20:19","slug":"patricia-bullrich-sera-la-ministra-de-seguridad-de-javier-milei","status":"publish","type":"post","link":"https:\/\/diariorepublica.com.ar\/web\/index.php\/politica\/2023\/12\/01\/patricia-bullrich-sera-la-ministra-de-seguridad-de-javier-milei\/","title":{"rendered":"Patricia Bullrich ser\u00e1 la ministra de Seguridad de Javier Milei"},"content":{"rendered":"<article class=\"article-body article-body--first-paragraph content-protected-false\" data-td-script-src=\"https:\/\/www.ambito.com\/td\/modulos\/encuestas\/js\/function-embeds-min-version-1701403672.js\">Finalmente se confirm\u00f3 de manera oficial que\u00a0<strong>Patricia Bullrich<\/strong>\u00a0volver\u00e1 a ocupar el rol de ministra de\u00a0<strong>Seguridad<\/strong>\u00a0a partir del 10 de diciembre, cuando asuma su gesti\u00f3n el presidente electo\u00a0<strong>Javier Milei<\/strong>.<\/p>\n<\/article>\n<article class=\"article-body article-body--second-paragraph content-protected-false\">Tras las\u00a0idas y vueltas en torno a su designaci\u00f3n, este viernes se oficializ\u00f3 su regreso a las oficinas de Gelly y Obes, en la Ciudad de Buenos Aires.<\/p>\n<article class=\"article-body article-body--third-paragraph content-protected-false\">El mandatario libertario tambi\u00e9n design\u00f3 a<strong>\u00a0Rodolfo Barra\u00a0<\/strong>al frente de la Procuraci\u00f3n del Tesoro de la Naci\u00f3n.<\/p>\n<\/article>\n<article class=\"article-body article-body--fourth-paragraph content-protected-false\">\n<div id=\"embed6462_wrap\" class=\"embed_cont type_freetext\" contenteditable=\"false\" data-provider=\"Twitter\">\n<div id=\"embed6462_content\" class=\"embed_content\">\n<div id=\"embed6462_embed\">\n<div class=\"twitter-tweet twitter-tweet-rendered\"><iframe id=\"twitter-widget-0\" class=\"\" title=\"Twitter Tweet\" src=\"https:\/\/platform.twitter.com\/embed\/Tweet.html?creatorScreenName=Ambitocom&amp;dnt=false&amp;embedId=twitter-widget-0&amp;features=eyJ0ZndfdGltZWxpbmVfbGlzdCI6eyJidWNrZXQiOltdLCJ2ZXJzaW9uIjpudWxsfSwidGZ3X2ZvbGxvd2VyX2NvdW50X3N1bnNldCI6eyJidWNrZXQiOnRydWUsInZlcnNpb24iOm51bGx9LCJ0ZndfdHdlZXRfZWRpdF9iYWNrZW5kIjp7ImJ1Y2tldCI6Im9uIiwidmVyc2lvbiI6bnVsbH0sInRmd19yZWZzcmNfc2Vzc2lvbiI6eyJidWNrZXQiOiJvbiIsInZlcnNpb24iOm51bGx9LCJ0ZndfZm9zbnJfc29mdF9pbnRlcnZlbnRpb25zX2VuYWJsZWQiOnsiYnVja2V0Ijoib24iLCJ2ZXJzaW9uIjpudWxsfSwidGZ3X21peGVkX21lZGlhXzE1ODk3Ijp7ImJ1Y2tldCI6InRyZWF0bWVudCIsInZlcnNpb24iOm51bGx9LCJ0ZndfZXhwZXJpbWVudHNfY29va2llX2V4cGlyYXRpb24iOnsiYnVja2V0IjoxMjA5NjAwLCJ2ZXJzaW9uIjpudWxsfSwidGZ3X3Nob3dfYmlyZHdhdGNoX3Bpdm90c19lbmFibGVkIjp7ImJ1Y2tldCI6Im9uIiwidmVyc2lvbiI6bnVsbH0sInRmd19kdXBsaWNhdGVfc2NyaWJlc190b19zZXR0aW5ncyI6eyJidWNrZXQiOiJvbiIsInZlcnNpb24iOm51bGx9LCJ0ZndfdXNlX3Byb2ZpbGVfaW1hZ2Vfc2hhcGVfZW5hYmxlZCI6eyJidWNrZXQiOiJvbiIsInZlcnNpb24iOm51bGx9LCJ0ZndfdmlkZW9faGxzX2R5bmFtaWNfbWFuaWZlc3RzXzE1MDgyIjp7ImJ1Y2tldCI6InRydWVfYml0cmF0ZSIsInZlcnNpb24iOm51bGx9LCJ0ZndfbGVnYWN5X3RpbWVsaW5lX3N1bnNldCI6eyJidWNrZXQiOnRydWUsInZlcnNpb24iOm51bGx9LCJ0ZndfdHdlZXRfZWRpdF9mcm9udGVuZCI6eyJidWNrZXQiOiJvbiIsInZlcnNpb24iOm51bGx9fQ%3D%3D&amp;frame=false&amp;hideCard=false&amp;hideThread=false&amp;id=1730581128979882007&amp;lang=es&amp;origin=https%3A%2F%2Fwww.ambito.com%2Fpolitica%2Fpatricia-bullrich-sera-la-ministra-seguridad-javier-milei-n5889331&amp;sessionId=7ebe4579bf054b8af606be9f7aca6ad6af51b528&amp;siteScreenName=Ambitocom&amp;theme=light&amp;widgetsVersion=01917f4d1d4cb%3A1696883169554&amp;width=550px\" frameborder=\"0\" scrolling=\"no\" allowfullscreen=\"allowfullscreen\" data-tweet-id=\"1730581128979882007\" data-mce-fragment=\"1\"><\/iframe><\/div>\n<\/div>\n<\/div>\n<\/div>\n<p>El nombramiento tiene lugar luego de que, en las \u00faltimas horas, la excandidata de Juntos por el Cambio\u00a0convocara a elecciones en el\u00a0<strong>PRO<\/strong>\u00a0para 2024\u00a0y anunciara que no presentar\u00e1 candidatura.<\/p>\n<\/article>\n<article class=\"article-body article-body--remaining-paragraph content-protected-false\">\u00abConvocar\u00e9 a elecciones internas para principios de 2024 con el fin de renovar las autoridades nacionales de\u00a0<strong>PRO Argentina<\/strong>. Mi decisi\u00f3n es no presentarme para un nuevo mandato\u00bb, adelant\u00f3 la ex ministra de Seguridad en la red social X.<\/p>\n<p>En tanto, afirm\u00f3 que dedicar\u00e1 todo su \u00abesfuerzo, energ\u00eda y tiempo en trabajar por una Argentina pr\u00f3spera y segura\u00bb.<\/p>\n<p>Bullrich se reuni\u00f3 el jueves por la ma\u00f1ana en el Hotel Libertador con el presidente electo, Javier Milei. Seg\u00fan pudo reconstruir\u00a0<strong>\u00c1mbito<\/strong>, durante la campa\u00f1a electoral Milei hab\u00eda adelantado que la que estar\u00eda a cargo de esa cartera es la vicepresidenta electa\u00a0<strong>Victoria Villarruel<\/strong>.<\/p>\n<p>Tras el acuerdo con el PRO, que le garantiz\u00f3 al libertario el triunfo el 19 de noviembre, Bullrich ocup\u00f3 el primer esca\u00f1o de los nombres que sonaban para asumir la responsabilidad.<\/p>\n<p>El encuentro entre Bullrich y Milei se dio en el marco de la escalada de tensi\u00f3n entre La Libertad Avanza y sus socios del PRO por el reparto de cargos.<\/p>\n<p>A su vez, la relaci\u00f3n del ex presidente\u00a0<strong>Mauricio Macri<\/strong>\u00a0y el mandatario electo no fluye como lo esperaban y las designaciones dejan inconformes a uno y otro espacio.<\/p>\n<\/article>\n<\/article>\n","protected":false},"excerpt":{"rendered":"<p>Finalmente se confirm\u00f3 de manera oficial que\u00a0Patricia Bullrich\u00a0volver\u00e1 a ocupar el rol de ministra de\u00a0Seguridad\u00a0a partir del 10 de diciembre,<\/p>\n","protected":false},"author":1,"featured_media":10114,"comment_status":"closed","ping_status":"closed","sticky":false,"template":"","format":"standard","meta":{"footnotes":"","jetpack_publicize_message":"","jetpack_publicize_feature_enabled":true,"jetpack_social_post_already_shared":true,"jetpack_social_options":{"image_generator_settings":{"template":"highway","enabled":false},"version":2}},"categories":[12],"tags":[],"class_list":["post-10113","post","type-post","status-publish","format-standard","has-post-thumbnail","hentry","category-politica"],"jetpack_publicize_connections":[],"_links":{"self":[{"href":"https:\/\/diariorepublica.com.ar\/web\/index.php\/wp-json\/wp\/v2\/posts\/10113"}],"collection":[{"href":"https:\/\/diariorepublica.com.ar\/web\/index.php\/wp-json\/wp\/v2\/posts"}],"about":[{"href":"https:\/\/diariorepublica.com.ar\/web\/index.php\/wp-json\/wp\/v2\/types\/post"}],"author":[{"embeddable":true,"href":"https:\/\/diariorepublica.com.ar\/web\/index.php\/wp-json\/wp\/v2\/users\/1"}],"replies":[{"embeddable":true,"href":"https:\/\/diariorepublica.com.ar\/web\/index.php\/wp-json\/wp\/v2\/comments?post=10113"}],"version-history":[{"count":1,"href":"https:\/\/diariorepublica.com.ar\/web\/index.php\/wp-json\/wp\/v2\/posts\/10113\/revisions"}],"predecessor-version":[{"id":10115,"href":"https:\/\/diariorepublica.com.ar\/web\/index.php\/wp-json\/wp\/v2\/posts\/10113\/revisions\/10115"}],"wp:featuredmedia":[{"embeddable":true,"href":"https:\/\/diariorepublica.com.ar\/web\/index.php\/wp-json\/wp\/v2\/media\/10114"}],"wp:attachment":[{"href":"https:\/\/diariorepublica.com.ar\/web\/index.php\/wp-json\/wp\/v2\/media?parent=10113"}],"wp:term":[{"taxonomy":"category","embeddable":true,"href":"https:\/\/diariorepublica.com.ar\/web\/index.php\/wp-json\/wp\/v2\/categories?post=10113"},{"taxonomy":"post_tag","embeddable":true,"href":"https:\/\/diariorepublica.com.ar\/web\/index.php\/wp-json\/wp\/v2\/tags?post=10113"}],"curies":[{"name":"wp","href":"https:\/\/api.w.org\/{rel}","templated":true}]}}