{"id":10116,"date":"2023-12-01T11:21:44","date_gmt":"2023-12-01T14:21:44","guid":{"rendered":"https:\/\/diariorepublica.com.ar\/web\/?p=10116"},"modified":"2023-12-01T11:21:46","modified_gmt":"2023-12-01T14:21:46","slug":"para-el-gobierno-los-precios-subieron-tras-el-balotaje-un-31","status":"publish","type":"post","link":"https:\/\/diariorepublica.com.ar\/web\/index.php\/economia\/2023\/12\/01\/para-el-gobierno-los-precios-subieron-tras-el-balotaje-un-31\/","title":{"rendered":"Para el Gobierno, los precios subieron tras el balotaje un 3,1%"},"content":{"rendered":"<article id=\"article-post\" class=\"first\">\n<div class=\"cuerpo\" data-twitter-link=\"https:\/\/twitter.com\/intent\/tweet?url=https:\/\/www.diariopopular.com.ar\/c758253&amp;via=poopulardiario&amp;related=Popular&amp;text=\">\n<p>Los precios minoristas subieron en la semana del 20 al 26 de noviembre en un<strong>\u00a03,1%<\/strong>\u00a0y acumulan un alza del 10,8% en el \u00faltimo mes, seg\u00fan el informe dado a conocer este viernes por el Gobierno nacional.<\/p>\n<\/div>\n<\/article>\n<article id=\"article-post\">\n<div class=\"cuerpo\" data-twitter-link=\"https:\/\/twitter.com\/intent\/tweet?url=https:\/\/www.diariopopular.com.ar\/c758253&amp;via=poopulardiario&amp;related=Popular&amp;text=\">\n<p>\u00abFuerte suba de precios en la primera semana tras las elecciones presidenciales : 3,1%\u00bb, inform\u00f3 el viceministro de Econom\u00eda,\u00a0<strong>Gabriel Rubinstein<\/strong>\u00a0en su cuenta de X.<\/p>\n<p>El reporte del funcionario aclara que hubo un ajuste de una d\u00e9cima de punto porcentual en las variaciones de las dos primeras semanas del mes, tras la incorporaci\u00f3n de informaci\u00f3n de cuadros tarifarios de electricidad del interior del pa\u00eds publicados recientemente y que impactan desde el inicio de mes, con lo que los incrementos quedaron en 2,6% para la primera y 2,4% para la segunda.<\/p>\n<div id=\"embed46_wrap\" class=\"embed_cont type_freetext\" contenteditable=\"false\">\n<div id=\"embed46_content\" class=\"embed_content\">\n<div id=\"embed46_embed\">\n<div class=\"twitter-tweet twitter-tweet-rendered\"><iframe id=\"twitter-widget-0\" class=\"\" title=\"Twitter Tweet\" src=\"https:\/\/platform.twitter.com\/embed\/Tweet.html?creatorScreenName=diariopopular&amp;dnt=false&amp;embedId=twitter-widget-0&amp;features=eyJ0ZndfdGltZWxpbmVfbGlzdCI6eyJidWNrZXQiOltdLCJ2ZXJzaW9uIjpudWxsfSwidGZ3X2ZvbGxvd2VyX2NvdW50X3N1bnNldCI6eyJidWNrZXQiOnRydWUsInZlcnNpb24iOm51bGx9LCJ0ZndfdHdlZXRfZWRpdF9iYWNrZW5kIjp7ImJ1Y2tldCI6Im9uIiwidmVyc2lvbiI6bnVsbH0sInRmd19yZWZzcmNfc2Vzc2lvbiI6eyJidWNrZXQiOiJvbiIsInZlcnNpb24iOm51bGx9LCJ0ZndfZm9zbnJfc29mdF9pbnRlcnZlbnRpb25zX2VuYWJsZWQiOnsiYnVja2V0Ijoib24iLCJ2ZXJzaW9uIjpudWxsfSwidGZ3X21peGVkX21lZGlhXzE1ODk3Ijp7ImJ1Y2tldCI6InRyZWF0bWVudCIsInZlcnNpb24iOm51bGx9LCJ0ZndfZXhwZXJpbWVudHNfY29va2llX2V4cGlyYXRpb24iOnsiYnVja2V0IjoxMjA5NjAwLCJ2ZXJzaW9uIjpudWxsfSwidGZ3X3Nob3dfYmlyZHdhdGNoX3Bpdm90c19lbmFibGVkIjp7ImJ1Y2tldCI6Im9uIiwidmVyc2lvbiI6bnVsbH0sInRmd19kdXBsaWNhdGVfc2NyaWJlc190b19zZXR0aW5ncyI6eyJidWNrZXQiOiJvbiIsInZlcnNpb24iOm51bGx9LCJ0ZndfdXNlX3Byb2ZpbGVfaW1hZ2Vfc2hhcGVfZW5hYmxlZCI6eyJidWNrZXQiOiJvbiIsInZlcnNpb24iOm51bGx9LCJ0ZndfdmlkZW9faGxzX2R5bmFtaWNfbWFuaWZlc3RzXzE1MDgyIjp7ImJ1Y2tldCI6InRydWVfYml0cmF0ZSIsInZlcnNpb24iOm51bGx9LCJ0ZndfbGVnYWN5X3RpbWVsaW5lX3N1bnNldCI6eyJidWNrZXQiOnRydWUsInZlcnNpb24iOm51bGx9LCJ0ZndfdHdlZXRfZWRpdF9mcm9udGVuZCI6eyJidWNrZXQiOiJvbiIsInZlcnNpb24iOm51bGx9fQ%3D%3D&amp;frame=false&amp;hideCard=false&amp;hideThread=false&amp;id=1730545813317619811&amp;lang=en&amp;origin=https%3A%2F%2Fwww.diariopopular.com.ar%2Fpolitica%2Fpara-el-gobierno-los-precios-subieron-el-balotaje-un-31-n758253&amp;sessionId=f2445ec8660736b72df87ff2f79ff2f3cb62e2e3&amp;siteScreenName=diariopopular&amp;theme=light&amp;widgetsVersion=01917f4d1d4cb%3A1696883169554&amp;width=550px\" frameborder=\"0\" scrolling=\"no\" allowfullscreen=\"allowfullscreen\" data-tweet-id=\"1730545813317619811\" data-gtm-yt-inspected-11=\"true\" data-mce-fragment=\"1\"><\/iframe><\/div>\n<\/div>\n<\/div>\n<div id=\"embed46_epigrafe\" class=\"embed_epigrafe\"><\/div>\n<div id=\"embed46_copyright\" class=\"embed_copyright\"><\/div>\n<\/div>\n<p>Por encima del promedio de la tercera semana se destacaron rubros cono frutas (11,6%), alimentos y bebidas de almac\u00e9n (4,8%) y carnes (3,4%), mientras que quedaron debajo del promedio los rubros regulados (1,7%) e indumentaria (0,9%).<\/p>\n<p>En tanto, las verduras registraron una baja de 2,1%.<\/p>\n<p>El seguimiento de la evoluci\u00f3n mensual (en rigor, el acumulado m\u00f3vil de cuatro semanas) deja en evidencia desde un pico del 15,1% en la cuarta semana de agosto se produjo una desaceleraci\u00f3n hasta llegar al 7,2% en la primera de octubre, pero a partir de entonces se retom\u00f3 la curva ascendente y a la tercera semana de noviembre se registr\u00f3 un alza del 9,4% y en la cuarta, de 10,8%.<\/p>\n<h6>Los productos de consumo masivo aumentaron 11,2%<\/h6>\n<p>Un informe econ\u00f3mico revel\u00f3 que la inflaci\u00f3n de los productos de consumo masivo fue en noviembre de 11,2%, acelerando su avance tras las elecciones presidenciales. Pa\u00f1ales (61,9%), pre mezclas (33,7%), pastas secas (31,5%) y arroz (28%) fueron los que m\u00e1s subieron en el mes.<\/p>\n<p>\u00abM\u00e1s del 50% de productos crecieron a una tasa superior a los dos d\u00edgitos en noviembre aceler\u00e1ndose su avance en los \u00faltimos 10 d\u00edas\u00bb, indic\u00f3 Dami\u00e1n Di Pace, director de la consultora Focus Market.<\/p>\n<p>En el top 10 de los productos que m\u00e1s aumentaron en noviembre se encuentran: pa\u00f1ales (61,9%), pre mezclas (33,7%), pastas secas (31,5%), arroz (28%), condimentos (27,2%), pur\u00e9 (25,4%), desodorantes (24,5%), suavizantes (21,9%), cremas dentales (21,9%) y lavandina (20,2%).<\/p>\n<\/div>\n<\/article>\n","protected":false},"excerpt":{"rendered":"<p>Los precios minoristas subieron en la semana del 20 al 26 de noviembre en un\u00a03,1%\u00a0y acumulan un alza del 10,8%<\/p>\n","protected":false},"author":1,"featured_media":10117,"comment_status":"closed","ping_status":"closed","sticky":false,"template":"","format":"standard","meta":{"footnotes":"","jetpack_publicize_message":"","jetpack_publicize_feature_enabled":true,"jetpack_social_post_already_shared":true,"jetpack_social_options":{"image_generator_settings":{"template":"highway","enabled":false},"version":2}},"categories":[5],"tags":[],"class_list":["post-10116","post","type-post","status-publish","format-standard","has-post-thumbnail","hentry","category-economia"],"jetpack_publicize_connections":[],"_links":{"self":[{"href":"https:\/\/diariorepublica.com.ar\/web\/index.php\/wp-json\/wp\/v2\/posts\/10116"}],"collection":[{"href":"https:\/\/diariorepublica.com.ar\/web\/index.php\/wp-json\/wp\/v2\/posts"}],"about":[{"href":"https:\/\/diariorepublica.com.ar\/web\/index.php\/wp-json\/wp\/v2\/types\/post"}],"author":[{"embeddable":true,"href":"https:\/\/diariorepublica.com.ar\/web\/index.php\/wp-json\/wp\/v2\/users\/1"}],"replies":[{"embeddable":true,"href":"https:\/\/diariorepublica.com.ar\/web\/index.php\/wp-json\/wp\/v2\/comments?post=10116"}],"version-history":[{"count":1,"href":"https:\/\/diariorepublica.com.ar\/web\/index.php\/wp-json\/wp\/v2\/posts\/10116\/revisions"}],"predecessor-version":[{"id":10118,"href":"https:\/\/diariorepublica.com.ar\/web\/index.php\/wp-json\/wp\/v2\/posts\/10116\/revisions\/10118"}],"wp:featuredmedia":[{"embeddable":true,"href":"https:\/\/diariorepublica.com.ar\/web\/index.php\/wp-json\/wp\/v2\/media\/10117"}],"wp:attachment":[{"href":"https:\/\/diariorepublica.com.ar\/web\/index.php\/wp-json\/wp\/v2\/media?parent=10116"}],"wp:term":[{"taxonomy":"category","embeddable":true,"href":"https:\/\/diariorepublica.com.ar\/web\/index.php\/wp-json\/wp\/v2\/categories?post=10116"},{"taxonomy":"post_tag","embeddable":true,"href":"https:\/\/diariorepublica.com.ar\/web\/index.php\/wp-json\/wp\/v2\/tags?post=10116"}],"curies":[{"name":"wp","href":"https:\/\/api.w.org\/{rel}","templated":true}]}}