{"id":10161,"date":"2023-12-02T17:11:05","date_gmt":"2023-12-02T20:11:05","guid":{"rendered":"https:\/\/diariorepublica.com.ar\/web\/?p=10161"},"modified":"2023-12-02T17:11:07","modified_gmt":"2023-12-02T20:11:07","slug":"quien-es-martin-menem-propuesto-por-javier-milei-para-estar-al-frente-de-diputados","status":"publish","type":"post","link":"https:\/\/diariorepublica.com.ar\/web\/index.php\/politica\/2023\/12\/02\/quien-es-martin-menem-propuesto-por-javier-milei-para-estar-al-frente-de-diputados\/","title":{"rendered":"Qui\u00e9n es Mart\u00edn Menem, propuesto por Javier Milei para estar al frente de Diputados"},"content":{"rendered":"<article class=\"article-body article-body--first-paragraph content-protected-false\" data-td-script-src=\"https:\/\/www.ambito.com\/td\/modulos\/encuestas\/js\/function-embeds-min-version-1701403672.js\">La <strong>Oficina del Presidente Electo\u00a0<\/strong>oficializ\u00f3 este s\u00e1bado que\u00a0<strong>Mart\u00edn Menem\u00a0<\/strong>ser\u00e1 propuesto por\u00a0<strong>La Libertad Avanza<\/strong><strong>\u00a0(LLA)<\/strong>\u00a0para estar\u00a0<strong>al frente de la C\u00e1mara de Diputados<\/strong>.<\/p>\n<\/article>\n<article class=\"article-body article-body--second-paragraph content-protected-false\">\u00abEl presidente electo\u00a0<strong>ha decidido que ambas c\u00e1maras est\u00e9n presididas por dirigentes de La Libertad Avanza\u00bb<\/strong>, hab\u00eda revelado el designado ministro del\u00a0<strong>Interior<\/strong>\u00a0de\u00a0<strong>Javier Milei<\/strong>,\u00a0<strong>Guillermo<\/strong>\u00a0<strong>Francos<\/strong>, en declaraciones radiales. En ese marco, se supo que\u00a0<strong>Mart\u00edn Menem\u00a0<\/strong>ser\u00e1 el postulado para la\u00a0<strong>C\u00e1mara baja\u00a0<\/strong>y\u00a0<strong>Francisco Paoltroni\u00a0<\/strong>para la de\u00a0<strong>Senadores<\/strong>.<\/p>\n<article class=\"article-body article-body--third-paragraph content-protected-false\">En consecuencia,\u00a0<strong>Menem reemplazar\u00eda a la actual titular del cuerpo, Cecilia Moreau<\/strong>, que ejerce ese cargo desde el 2 de agosto de 2022, cuando\u00a0<strong>reemplaz\u00f3 al actual ministro de Econom\u00eda, Sergio Massa<\/strong>.<\/p>\n<\/article>\n<article class=\"article-body article-body--fourth-paragraph content-protected-false\">\n<div id=\"embed31_wrap\" class=\"embed_cont type_freetext\" contenteditable=\"false\">\n<div id=\"embed31_content\" class=\"embed_content\">\n<div id=\"embed31_embed\">\n<div class=\"twitter-tweet twitter-tweet-rendered\"><iframe id=\"twitter-widget-0\" class=\"\" title=\"Twitter Tweet\" src=\"https:\/\/platform.twitter.com\/embed\/Tweet.html?creatorScreenName=Ambitocom&amp;dnt=false&amp;embedId=twitter-widget-0&amp;features=eyJ0ZndfdGltZWxpbmVfbGlzdCI6eyJidWNrZXQiOltdLCJ2ZXJzaW9uIjpudWxsfSwidGZ3X2ZvbGxvd2VyX2NvdW50X3N1bnNldCI6eyJidWNrZXQiOnRydWUsInZlcnNpb24iOm51bGx9LCJ0ZndfdHdlZXRfZWRpdF9iYWNrZW5kIjp7ImJ1Y2tldCI6Im9uIiwidmVyc2lvbiI6bnVsbH0sInRmd19yZWZzcmNfc2Vzc2lvbiI6eyJidWNrZXQiOiJvbiIsInZlcnNpb24iOm51bGx9LCJ0ZndfZm9zbnJfc29mdF9pbnRlcnZlbnRpb25zX2VuYWJsZWQiOnsiYnVja2V0Ijoib24iLCJ2ZXJzaW9uIjpudWxsfSwidGZ3X21peGVkX21lZGlhXzE1ODk3Ijp7ImJ1Y2tldCI6InRyZWF0bWVudCIsInZlcnNpb24iOm51bGx9LCJ0ZndfZXhwZXJpbWVudHNfY29va2llX2V4cGlyYXRpb24iOnsiYnVja2V0IjoxMjA5NjAwLCJ2ZXJzaW9uIjpudWxsfSwidGZ3X3Nob3dfYmlyZHdhdGNoX3Bpdm90c19lbmFibGVkIjp7ImJ1Y2tldCI6Im9uIiwidmVyc2lvbiI6bnVsbH0sInRmd19kdXBsaWNhdGVfc2NyaWJlc190b19zZXR0aW5ncyI6eyJidWNrZXQiOiJvbiIsInZlcnNpb24iOm51bGx9LCJ0ZndfdXNlX3Byb2ZpbGVfaW1hZ2Vfc2hhcGVfZW5hYmxlZCI6eyJidWNrZXQiOiJvbiIsInZlcnNpb24iOm51bGx9LCJ0ZndfdmlkZW9faGxzX2R5bmFtaWNfbWFuaWZlc3RzXzE1MDgyIjp7ImJ1Y2tldCI6InRydWVfYml0cmF0ZSIsInZlcnNpb24iOm51bGx9LCJ0ZndfbGVnYWN5X3RpbWVsaW5lX3N1bnNldCI6eyJidWNrZXQiOnRydWUsInZlcnNpb24iOm51bGx9LCJ0ZndfdHdlZXRfZWRpdF9mcm9udGVuZCI6eyJidWNrZXQiOiJvbiIsInZlcnNpb24iOm51bGx9fQ%3D%3D&amp;frame=false&amp;hideCard=false&amp;hideThread=false&amp;id=1730973913088200719&amp;lang=es&amp;origin=https%3A%2F%2Fwww.ambito.com%2Fpolitica%2Fquien-es-martin-menem-propuesto-javier-milei-estar-al-frente-diputados-n5890214&amp;sessionId=16b345ab30c4f2c2090c116ce60e3ad0eb89200e&amp;siteScreenName=Ambitocom&amp;theme=light&amp;widgetsVersion=01917f4d1d4cb%3A1696883169554&amp;width=550px\" frameborder=\"0\" scrolling=\"no\" allowfullscreen=\"allowfullscreen\" data-tweet-id=\"1730973913088200719\" data-mce-fragment=\"1\"><\/iframe><\/div>\n<\/div>\n<\/div>\n<\/div>\n<p>El diputado nacional electo por la Rioja,\u00a0<strong>Mart\u00edn Menem<\/strong>, se hab\u00eda sumado el pasado viernes a la\u00a0<strong>lista de postulantes\u00a0<\/strong>en la cual tambi\u00e9n se hab\u00edan posicionado los legisladores\u00a0<strong>Cristian Ritondo<\/strong>, del PRO;\u00a0<strong>Florencio Randazzo<\/strong>, de Hacemos por Nuestro Pa\u00eds, y\u00a0<strong>Miguel Pichetto\u00a0<\/strong>del Peronismo Republicano, entre otros.<\/p>\n<\/article>\n<article class=\"article-body article-body--remaining-paragraph content-protected-false\">El presidente de la C\u00e1mara de Diputados es electo por sus miembros y se encuentra tercero en el orden sucesorio, detras del Presidente de la Naci\u00f3n y la Vicepresidenta. Es precisamente la vice quien ocupa la titularidad del Senado. Por su parte los jefes de bloques partidarios se escogen a partir de procesos de selecci\u00f3n interna de los legisladores de cada espacio.<\/p>\n<h6>\u00bfQui\u00e9n es Mart\u00edn Menem?<\/h6>\n<p>El\u00a0<strong>diputado nacional electo por La Rioja<\/strong>,\u00a0<strong>Mart\u00edn Menem<\/strong>, cuenta en su haber con la condici\u00f3n de haberse criado en una\u00a0<strong>familia de pol\u00edticos\u00a0<\/strong>-su\u00a0<strong>t\u00edo Carlos Sa\u00fal\u00a0<\/strong>fue presidente y\u00a0<strong>su padre Eduardo<\/strong>, senador nacional-, aunque su ingreso a cargos de representaci\u00f3n va acompa\u00f1ado de un mensaje contra los beneficios de la clase pol\u00edtica.<\/p>\n<p><strong>Legislador provincial desde 2021 por LLA<\/strong>, el sobrino del expresidente perdi\u00f3 ante el PJ la elecci\u00f3n a gobernador de La Rioja de mayo de este a\u00f1o -sali\u00f3 tercero-, pero cinco meses despu\u00e9s, integrando la misma boleta que llevaba a Javier Milei como candidato a presidente,\u00a0<strong>obtuvo su banca para la C\u00e1mara baja nacional<\/strong>.<\/p>\n<p><strong>Naci\u00f3 el 19 de abril de 1975 en la La Rioja\u00a0<\/strong>y a los 15 a\u00f1os se traslado a la Ciudad de Buenos Aires, donde su padre se desempe\u00f1\u00f3 como senador nacional entre 1983 y 2005.<\/p>\n<p><strong>Estudi\u00f3 derecho en la Universidad de Belgrano<\/strong>, donde se recibi\u00f3 de abogado en 1997, y como empresario est\u00e1\u00a0<strong>a cargo de una firma del rubro de los suplementos dietarios<\/strong>.<\/p>\n<p><strong>\u00abMe met\u00ed en pol\u00edtica para que no le pongan m\u00e1s obst\u00e1culos al sector privado\u00bb<\/strong>, dijo en recientes entrevistas.<\/p>\n<\/article>\n<\/article>\n","protected":false},"excerpt":{"rendered":"<p>La Oficina del Presidente Electo\u00a0oficializ\u00f3 este s\u00e1bado que\u00a0Mart\u00edn Menem\u00a0ser\u00e1 propuesto por\u00a0La Libertad Avanza\u00a0(LLA)\u00a0para estar\u00a0al frente de la C\u00e1mara de Diputados.<\/p>\n","protected":false},"author":1,"featured_media":10162,"comment_status":"closed","ping_status":"closed","sticky":false,"template":"","format":"standard","meta":{"footnotes":"","jetpack_publicize_message":"","jetpack_publicize_feature_enabled":true,"jetpack_social_post_already_shared":true,"jetpack_social_options":{"image_generator_settings":{"template":"highway","enabled":false},"version":2}},"categories":[12],"tags":[],"class_list":["post-10161","post","type-post","status-publish","format-standard","has-post-thumbnail","hentry","category-politica"],"jetpack_publicize_connections":[],"_links":{"self":[{"href":"https:\/\/diariorepublica.com.ar\/web\/index.php\/wp-json\/wp\/v2\/posts\/10161"}],"collection":[{"href":"https:\/\/diariorepublica.com.ar\/web\/index.php\/wp-json\/wp\/v2\/posts"}],"about":[{"href":"https:\/\/diariorepublica.com.ar\/web\/index.php\/wp-json\/wp\/v2\/types\/post"}],"author":[{"embeddable":true,"href":"https:\/\/diariorepublica.com.ar\/web\/index.php\/wp-json\/wp\/v2\/users\/1"}],"replies":[{"embeddable":true,"href":"https:\/\/diariorepublica.com.ar\/web\/index.php\/wp-json\/wp\/v2\/comments?post=10161"}],"version-history":[{"count":1,"href":"https:\/\/diariorepublica.com.ar\/web\/index.php\/wp-json\/wp\/v2\/posts\/10161\/revisions"}],"predecessor-version":[{"id":10163,"href":"https:\/\/diariorepublica.com.ar\/web\/index.php\/wp-json\/wp\/v2\/posts\/10161\/revisions\/10163"}],"wp:featuredmedia":[{"embeddable":true,"href":"https:\/\/diariorepublica.com.ar\/web\/index.php\/wp-json\/wp\/v2\/media\/10162"}],"wp:attachment":[{"href":"https:\/\/diariorepublica.com.ar\/web\/index.php\/wp-json\/wp\/v2\/media?parent=10161"}],"wp:term":[{"taxonomy":"category","embeddable":true,"href":"https:\/\/diariorepublica.com.ar\/web\/index.php\/wp-json\/wp\/v2\/categories?post=10161"},{"taxonomy":"post_tag","embeddable":true,"href":"https:\/\/diariorepublica.com.ar\/web\/index.php\/wp-json\/wp\/v2\/tags?post=10161"}],"curies":[{"name":"wp","href":"https:\/\/api.w.org\/{rel}","templated":true}]}}