{"id":10177,"date":"2023-12-04T07:51:01","date_gmt":"2023-12-04T10:51:01","guid":{"rendered":"https:\/\/diariorepublica.com.ar\/web\/?p=10177"},"modified":"2023-12-04T07:51:03","modified_gmt":"2023-12-04T10:51:03","slug":"esta-semana-se-definiran-las-nuevas-autoridades-de-la-legislatura-provincial","status":"publish","type":"post","link":"https:\/\/diariorepublica.com.ar\/web\/index.php\/politica\/2023\/12\/04\/esta-semana-se-definiran-las-nuevas-autoridades-de-la-legislatura-provincial\/","title":{"rendered":"Esta semana se definir\u00e1n las nuevas autoridades de la Legislatura Provincial"},"content":{"rendered":"<p>Hoy arranca una semana con mucha actividad en lo que hace al \u00e1mbito pol\u00edtico provincial. Es que adem\u00e1s de que se producir\u00e1n las asunciones de todas las autoridades provinciales y municipales que fueron electas en las elecciones del 22 de octubre, tambi\u00e9n se producen las elecciones en las conducciones de las C\u00e1maras legislativas.<\/p>\n<p>En este sentido, las negociaciones en los bloques oficialistas tanto en la C\u00e1mara de Diputados como en el Senado son cada vez m\u00e1s intensas. Desde afuera miran los bloques opositores a la espera de poder intervenir si no hay acuerdos entre los legisladores de Uni\u00f3n por la Patria.<\/p>\n<p>En la C\u00e1mara de Diputados, el oficialismo tendr\u00e1 la dif\u00edcil tarea de nombrar a la persona que reemplace a Cecilia Guerrero en la presidencia del cuerpo. Guerrero est\u00e1 en el cargo desde el 2019 y si bien recibi\u00f3 en varias oportunidades cr\u00edticas internas durante toda su gesti\u00f3n, nadie puso en dudas su conducci\u00f3n. La diputada hab\u00eda sido electa por unanimidad, fue la primera mujer que estuvo como titular de la C\u00e1mara y tuvo el respaldo tanto de la senadora nacional Luc\u00eda Corpacci como del gobernador Ra\u00fal Jalil.<\/p>\n<p>Entre los nombres que suenan para reemplazar a la saliente diputada aparecen con m\u00e1s fuerza la corpaccista Paola Fedelli y el referente del grupo Esperanza, Eduardo Andrada, entre otros<\/p>\n<p>No se descarta que, ante la falta de acuerdos, surja el nombre de otro diputado o diputada que pueda ser la prenda de unidad en el oficialismo para evitar la ruptura del bloque y que alg\u00fan sector recurra a los votos de la oposici\u00f3n.<\/p>\n<p>En la C\u00e1mara alta provincial se debe elegir el presidente provisorio del cuerpo, ya que su presidente natural es el vicegobernador Rub\u00e9n Dusso. En este sentido, las negociaciones son m\u00e1s herm\u00e9ticas que en la C\u00e1mara de Diputados. En el Senado, el oficialismo tiene una abrumadora mayor\u00eda de 14 senadores sobre 16, por lo que la injerencia de los legisladores opositores sobre esta discusi\u00f3n es pr\u00e1cticamente nula.<\/p>\n<p>Actualmente, quien tiene el cargo de presidente provisorio del cuerpo es el senador por Andalgal\u00e1, Horacio Guti\u00e9rrez, que en la elecci\u00f3n de octubre renov\u00f3 su banca. En este marco y de acuerdo con lo que trascendi\u00f3, Guti\u00e9rrez podr\u00eda seguir en ese puesto ya que no es nuevo en la C\u00e1mara alta y eso lo pone en mejor posici\u00f3n que los otros nombres que tambi\u00e9n suenan para la presidencia provisoria.<\/p>\n<p>Entre los otros senadores que tambi\u00e9n podr\u00edan dar pelea por la presidencia provisoria, est\u00e1n los ingresantes Ram\u00f3n Figueroa Castellanos de la Capital y Guillermo Ferreyra de Fray Mamerto Esqui\u00fa.<\/p>\n","protected":false},"excerpt":{"rendered":"<p>Hoy arranca una semana con mucha actividad en lo que hace al \u00e1mbito pol\u00edtico provincial. Es que adem\u00e1s de que<\/p>\n","protected":false},"author":2,"featured_media":10178,"comment_status":"closed","ping_status":"closed","sticky":false,"template":"","format":"standard","meta":{"footnotes":"","jetpack_publicize_message":"","jetpack_publicize_feature_enabled":true,"jetpack_social_post_already_shared":true,"jetpack_social_options":{"image_generator_settings":{"template":"highway","enabled":false},"version":2}},"categories":[12],"tags":[],"class_list":["post-10177","post","type-post","status-publish","format-standard","has-post-thumbnail","hentry","category-politica"],"jetpack_publicize_connections":[],"_links":{"self":[{"href":"https:\/\/diariorepublica.com.ar\/web\/index.php\/wp-json\/wp\/v2\/posts\/10177"}],"collection":[{"href":"https:\/\/diariorepublica.com.ar\/web\/index.php\/wp-json\/wp\/v2\/posts"}],"about":[{"href":"https:\/\/diariorepublica.com.ar\/web\/index.php\/wp-json\/wp\/v2\/types\/post"}],"author":[{"embeddable":true,"href":"https:\/\/diariorepublica.com.ar\/web\/index.php\/wp-json\/wp\/v2\/users\/2"}],"replies":[{"embeddable":true,"href":"https:\/\/diariorepublica.com.ar\/web\/index.php\/wp-json\/wp\/v2\/comments?post=10177"}],"version-history":[{"count":1,"href":"https:\/\/diariorepublica.com.ar\/web\/index.php\/wp-json\/wp\/v2\/posts\/10177\/revisions"}],"predecessor-version":[{"id":10179,"href":"https:\/\/diariorepublica.com.ar\/web\/index.php\/wp-json\/wp\/v2\/posts\/10177\/revisions\/10179"}],"wp:featuredmedia":[{"embeddable":true,"href":"https:\/\/diariorepublica.com.ar\/web\/index.php\/wp-json\/wp\/v2\/media\/10178"}],"wp:attachment":[{"href":"https:\/\/diariorepublica.com.ar\/web\/index.php\/wp-json\/wp\/v2\/media?parent=10177"}],"wp:term":[{"taxonomy":"category","embeddable":true,"href":"https:\/\/diariorepublica.com.ar\/web\/index.php\/wp-json\/wp\/v2\/categories?post=10177"},{"taxonomy":"post_tag","embeddable":true,"href":"https:\/\/diariorepublica.com.ar\/web\/index.php\/wp-json\/wp\/v2\/tags?post=10177"}],"curies":[{"name":"wp","href":"https:\/\/api.w.org\/{rel}","templated":true}]}}