{"id":10180,"date":"2023-12-04T08:02:45","date_gmt":"2023-12-04T11:02:45","guid":{"rendered":"https:\/\/diariorepublica.com.ar\/web\/?p=10180"},"modified":"2023-12-04T08:02:47","modified_gmt":"2023-12-04T11:02:47","slug":"la-lluvia-dejo-crecida-de-rios-en-el-interior","status":"publish","type":"post","link":"https:\/\/diariorepublica.com.ar\/web\/index.php\/sociedad\/2023\/12\/04\/la-lluvia-dejo-crecida-de-rios-en-el-interior\/","title":{"rendered":"La lluvia dej\u00f3 crecida de r\u00edos en el interior"},"content":{"rendered":"<p>Las intensas precipitaciones que se vienen registrando en las \u00faltimas horas en el departamento Pom\u00e1n, derivan ahora en la crecida del r\u00edo del mismo nombre, como as\u00ed tambi\u00e9n el corte de suministro el\u00e9ctrico.<\/p>\n<p>Mientras se inform\u00f3 que, La C\u00e9bila se encontraba transitable. En tanto la Ruta provincial n\u00b0 25 que une Colana con Mutquin, tambi\u00e9n estuvo transitable, pero con precauci\u00f3n por presencia de agua en calzada. En tanto, en la localidad de Mutquin, el servicio el\u00e9ctrico se encontraba cortado a causa de la intensa lluvia.<\/p>\n<p>No es el \u00fanico r\u00edo que creci\u00f3, seg\u00fan inform\u00f3 Defensa Civil, en el norte de Bel\u00e9n tambi\u00e9n crecieron los r\u00edos, pero \u201ccon caudal normal de la \u00e9poca sin traer consecuencias adversas\u201d.<\/p>\n<p>El da\u00f1o de la lluvia no qued\u00f3 all\u00ed, sino que provoc\u00f3 dolores de cabeza en Recreo. El drama lo vivieron los vecinos del B\u00b0 31 de Agosto, el que se aneg\u00f3 por completo, provocando el ingreso de agua en las viviendas, con la consecuencia de p\u00e9rdida de mercader\u00eda, da\u00f1os en viviendas y muebles y colchones, El malestar por esta situaci\u00f3n, crece no por el fen\u00f3meno clim\u00e1tico sino por la falta de obras de parte de la comuna recre\u00edna.<\/p>\n","protected":false},"excerpt":{"rendered":"<p>Las intensas precipitaciones que se vienen registrando en las \u00faltimas horas en el departamento Pom\u00e1n, derivan ahora en la crecida<\/p>\n","protected":false},"author":2,"featured_media":10185,"comment_status":"closed","ping_status":"closed","sticky":false,"template":"","format":"standard","meta":{"footnotes":"","jetpack_publicize_message":"","jetpack_publicize_feature_enabled":true,"jetpack_social_post_already_shared":true,"jetpack_social_options":{"image_generator_settings":{"template":"highway","enabled":false},"version":2}},"categories":[3],"tags":[],"class_list":["post-10180","post","type-post","status-publish","format-standard","has-post-thumbnail","hentry","category-sociedad"],"jetpack_publicize_connections":[],"_links":{"self":[{"href":"https:\/\/diariorepublica.com.ar\/web\/index.php\/wp-json\/wp\/v2\/posts\/10180"}],"collection":[{"href":"https:\/\/diariorepublica.com.ar\/web\/index.php\/wp-json\/wp\/v2\/posts"}],"about":[{"href":"https:\/\/diariorepublica.com.ar\/web\/index.php\/wp-json\/wp\/v2\/types\/post"}],"author":[{"embeddable":true,"href":"https:\/\/diariorepublica.com.ar\/web\/index.php\/wp-json\/wp\/v2\/users\/2"}],"replies":[{"embeddable":true,"href":"https:\/\/diariorepublica.com.ar\/web\/index.php\/wp-json\/wp\/v2\/comments?post=10180"}],"version-history":[{"count":1,"href":"https:\/\/diariorepublica.com.ar\/web\/index.php\/wp-json\/wp\/v2\/posts\/10180\/revisions"}],"predecessor-version":[{"id":10186,"href":"https:\/\/diariorepublica.com.ar\/web\/index.php\/wp-json\/wp\/v2\/posts\/10180\/revisions\/10186"}],"wp:featuredmedia":[{"embeddable":true,"href":"https:\/\/diariorepublica.com.ar\/web\/index.php\/wp-json\/wp\/v2\/media\/10185"}],"wp:attachment":[{"href":"https:\/\/diariorepublica.com.ar\/web\/index.php\/wp-json\/wp\/v2\/media?parent=10180"}],"wp:term":[{"taxonomy":"category","embeddable":true,"href":"https:\/\/diariorepublica.com.ar\/web\/index.php\/wp-json\/wp\/v2\/categories?post=10180"},{"taxonomy":"post_tag","embeddable":true,"href":"https:\/\/diariorepublica.com.ar\/web\/index.php\/wp-json\/wp\/v2\/tags?post=10180"}],"curies":[{"name":"wp","href":"https:\/\/api.w.org\/{rel}","templated":true}]}}