{"id":10187,"date":"2023-12-04T08:10:19","date_gmt":"2023-12-04T11:10:19","guid":{"rendered":"https:\/\/diariorepublica.com.ar\/web\/?p=10187"},"modified":"2023-12-04T08:10:21","modified_gmt":"2023-12-04T11:10:21","slug":"la-policia-pide-a-los-peregrinos-que-comuniquen-su-paradero-para-controlar-que-lleguen-a-destino","status":"publish","type":"post","link":"https:\/\/diariorepublica.com.ar\/web\/index.php\/sociedad\/2023\/12\/04\/la-policia-pide-a-los-peregrinos-que-comuniquen-su-paradero-para-controlar-que-lleguen-a-destino\/","title":{"rendered":"La Polic\u00eda pide a los peregrinos que comuniquen su paradero para controlar que lleguen a destino"},"content":{"rendered":"<p>La Direcci\u00f3n Relaciones Institucionales de la Polic\u00eda de la Provincia, solicit\u00f3 a todas aquellas personas que planean peregrinar hacia la Catedral Bas\u00edlica Nuestra Se\u00f1ora del Valle, en el marco de las Festividades Marianas, y realizar tal traves\u00eda por zonas de monta\u00f1as, que antes de partir concurran a la Comisar\u00eda m\u00e1s cercana e informen al personal policial sobre informaci\u00f3n personal para poder controlar que lleguen sanos y salvos a su destino.<\/p>\n<p>La informaci\u00f3n que precisa la polic\u00eda es: cantidad de personas que conforman el grupo, hora de salida, recorrido a realizar, hora aproximada de llegada a alguna localidad cercana, zona de descanso y cualquier otra informaci\u00f3n de inter\u00e9s, a fin de que los efectivos comuniquen a sus pares el inicio de la peregrinaci\u00f3n y se controle que todos los que inician el recorrido lleguen a destino, ya que de lo contrario se activar\u00e1 el protocolo de b\u00fasqueda, en caso de corresponder, teniendo en cuenta que por las condiciones del terreno, las comunicaciones se dificultan.<\/p>\n","protected":false},"excerpt":{"rendered":"<p>La Direcci\u00f3n Relaciones Institucionales de la Polic\u00eda de la Provincia, solicit\u00f3 a todas aquellas personas que planean peregrinar hacia la<\/p>\n","protected":false},"author":2,"featured_media":10202,"comment_status":"closed","ping_status":"closed","sticky":false,"template":"","format":"standard","meta":{"footnotes":"","jetpack_publicize_message":"","jetpack_publicize_feature_enabled":true,"jetpack_social_post_already_shared":true,"jetpack_social_options":{"image_generator_settings":{"template":"highway","enabled":false},"version":2}},"categories":[3],"tags":[],"class_list":["post-10187","post","type-post","status-publish","format-standard","has-post-thumbnail","hentry","category-sociedad"],"jetpack_publicize_connections":[],"_links":{"self":[{"href":"https:\/\/diariorepublica.com.ar\/web\/index.php\/wp-json\/wp\/v2\/posts\/10187"}],"collection":[{"href":"https:\/\/diariorepublica.com.ar\/web\/index.php\/wp-json\/wp\/v2\/posts"}],"about":[{"href":"https:\/\/diariorepublica.com.ar\/web\/index.php\/wp-json\/wp\/v2\/types\/post"}],"author":[{"embeddable":true,"href":"https:\/\/diariorepublica.com.ar\/web\/index.php\/wp-json\/wp\/v2\/users\/2"}],"replies":[{"embeddable":true,"href":"https:\/\/diariorepublica.com.ar\/web\/index.php\/wp-json\/wp\/v2\/comments?post=10187"}],"version-history":[{"count":1,"href":"https:\/\/diariorepublica.com.ar\/web\/index.php\/wp-json\/wp\/v2\/posts\/10187\/revisions"}],"predecessor-version":[{"id":10203,"href":"https:\/\/diariorepublica.com.ar\/web\/index.php\/wp-json\/wp\/v2\/posts\/10187\/revisions\/10203"}],"wp:featuredmedia":[{"embeddable":true,"href":"https:\/\/diariorepublica.com.ar\/web\/index.php\/wp-json\/wp\/v2\/media\/10202"}],"wp:attachment":[{"href":"https:\/\/diariorepublica.com.ar\/web\/index.php\/wp-json\/wp\/v2\/media?parent=10187"}],"wp:term":[{"taxonomy":"category","embeddable":true,"href":"https:\/\/diariorepublica.com.ar\/web\/index.php\/wp-json\/wp\/v2\/categories?post=10187"},{"taxonomy":"post_tag","embeddable":true,"href":"https:\/\/diariorepublica.com.ar\/web\/index.php\/wp-json\/wp\/v2\/tags?post=10187"}],"curies":[{"name":"wp","href":"https:\/\/api.w.org\/{rel}","templated":true}]}}