{"id":10204,"date":"2023-12-04T08:29:27","date_gmt":"2023-12-04T11:29:27","guid":{"rendered":"https:\/\/diariorepublica.com.ar\/web\/?p=10204"},"modified":"2023-12-04T08:29:28","modified_gmt":"2023-12-04T11:29:28","slug":"cronograma-de-pago-de-sueldos-para-municipales-de-la-ciudad","status":"publish","type":"post","link":"https:\/\/diariorepublica.com.ar\/web\/index.php\/sociedad\/2023\/12\/04\/cronograma-de-pago-de-sueldos-para-municipales-de-la-ciudad\/","title":{"rendered":"Cronograma de pago de sueldos para municipales de la Ciudad"},"content":{"rendered":"<p>La Municipalidad de la Capital anunci\u00f3 las fechas de cobro de sueldos correspondientes a noviembre de 2023 para trabajadores de planta permanente, contratados y becados. El cronograma se pondr\u00e1 en marcha a partir de hoy 4 de diciembre de 2023.<\/p>\n<p>Aquellos que opten por el cobro por ventanilla tendr\u00e1n la oportunidad de hacerlo el lunes 4 de diciembre en horarios espec\u00edficos: de 8 a 13 y de 14 a 18 horas. Este d\u00eda estar\u00e1 dedicado a los empleados de planta permanente, Catamarca Ciudad Trabaja y Contratos de Obra.Luego, para quienes tengan que cobrar por la modalidad de dep\u00f3sito, los fondos estar\u00e1n disponibles a partir del martes 5 de diciembre de 2023. Este proceso incluir\u00e1 a aquellos empleados con contratos de planta permanente, Catamarca Ciudad Trabaja y Contratos de Obra.<\/p>\n","protected":false},"excerpt":{"rendered":"<p>La Municipalidad de la Capital anunci\u00f3 las fechas de cobro de sueldos correspondientes a noviembre de 2023 para trabajadores de<\/p>\n","protected":false},"author":2,"featured_media":10205,"comment_status":"closed","ping_status":"closed","sticky":false,"template":"","format":"standard","meta":{"footnotes":"","jetpack_publicize_message":"","jetpack_publicize_feature_enabled":true,"jetpack_social_post_already_shared":true,"jetpack_social_options":{"image_generator_settings":{"template":"highway","enabled":false},"version":2}},"categories":[3],"tags":[],"class_list":["post-10204","post","type-post","status-publish","format-standard","has-post-thumbnail","hentry","category-sociedad"],"jetpack_publicize_connections":[],"_links":{"self":[{"href":"https:\/\/diariorepublica.com.ar\/web\/index.php\/wp-json\/wp\/v2\/posts\/10204"}],"collection":[{"href":"https:\/\/diariorepublica.com.ar\/web\/index.php\/wp-json\/wp\/v2\/posts"}],"about":[{"href":"https:\/\/diariorepublica.com.ar\/web\/index.php\/wp-json\/wp\/v2\/types\/post"}],"author":[{"embeddable":true,"href":"https:\/\/diariorepublica.com.ar\/web\/index.php\/wp-json\/wp\/v2\/users\/2"}],"replies":[{"embeddable":true,"href":"https:\/\/diariorepublica.com.ar\/web\/index.php\/wp-json\/wp\/v2\/comments?post=10204"}],"version-history":[{"count":1,"href":"https:\/\/diariorepublica.com.ar\/web\/index.php\/wp-json\/wp\/v2\/posts\/10204\/revisions"}],"predecessor-version":[{"id":10206,"href":"https:\/\/diariorepublica.com.ar\/web\/index.php\/wp-json\/wp\/v2\/posts\/10204\/revisions\/10206"}],"wp:featuredmedia":[{"embeddable":true,"href":"https:\/\/diariorepublica.com.ar\/web\/index.php\/wp-json\/wp\/v2\/media\/10205"}],"wp:attachment":[{"href":"https:\/\/diariorepublica.com.ar\/web\/index.php\/wp-json\/wp\/v2\/media?parent=10204"}],"wp:term":[{"taxonomy":"category","embeddable":true,"href":"https:\/\/diariorepublica.com.ar\/web\/index.php\/wp-json\/wp\/v2\/categories?post=10204"},{"taxonomy":"post_tag","embeddable":true,"href":"https:\/\/diariorepublica.com.ar\/web\/index.php\/wp-json\/wp\/v2\/tags?post=10204"}],"curies":[{"name":"wp","href":"https:\/\/api.w.org\/{rel}","templated":true}]}}