{"id":10308,"date":"2023-12-07T06:34:29","date_gmt":"2023-12-07T09:34:29","guid":{"rendered":"https:\/\/diariorepublica.com.ar\/web\/?p=10308"},"modified":"2023-12-07T06:34:31","modified_gmt":"2023-12-07T09:34:31","slug":"se-aprobo-la-ley-impositiva","status":"publish","type":"post","link":"https:\/\/diariorepublica.com.ar\/web\/index.php\/politica\/2023\/12\/07\/se-aprobo-la-ley-impositiva\/","title":{"rendered":"Se aprob\u00f3 la ley impositiva"},"content":{"rendered":"<p>La Ley Impositiva 2024 tambi\u00e9n se aprob\u00f3 ayer, en la \u00faltima jornada de las sesiones ordinarias extendidas. La ley \u00abbusca mantener una distribuci\u00f3n equitativa de las cargas tributarias, sin alterar el equilibrio de las finanzas provinciales\u00bb, valoraron. \u00abEl proyecto contempla cambios que buscan potenciar el desarrollo econ\u00f3mico, siendo uno de los puntos m\u00e1s destacados el tratamiento diferenciado para el sector minero. Entendemos que la carga tributaria tiene que seguir siendo dirigida a aquellas actividades que demuestren mayor capacidad contributiva\u00bb, indic\u00f3 la diputada Mar\u00eda Argerich.<\/p>\n<p>Entre las novedades, en Ingresos Brutos se implementaron ajustes para evitar que los contribuyentes se vean afectados por la inflaci\u00f3n, elevando el monto de facturaci\u00f3n de los tramos y que en el caso del impuesto al Sello, se ha decidido gravar a tasa cero la mayor\u00eda de los actos, contratos y operaciones, exceptuando los inherentes a las operaciones con automotores, la construcci\u00f3n y las operaciones mineras.<\/p>\n","protected":false},"excerpt":{"rendered":"<p>La Ley Impositiva 2024 tambi\u00e9n se aprob\u00f3 ayer, en la \u00faltima jornada de las sesiones ordinarias extendidas. La ley \u00abbusca<\/p>\n","protected":false},"author":2,"featured_media":10309,"comment_status":"closed","ping_status":"closed","sticky":false,"template":"","format":"standard","meta":{"footnotes":"","jetpack_publicize_message":"","jetpack_publicize_feature_enabled":true,"jetpack_social_post_already_shared":true,"jetpack_social_options":{"image_generator_settings":{"template":"highway","enabled":false},"version":2}},"categories":[12],"tags":[],"class_list":["post-10308","post","type-post","status-publish","format-standard","has-post-thumbnail","hentry","category-politica"],"jetpack_publicize_connections":[],"_links":{"self":[{"href":"https:\/\/diariorepublica.com.ar\/web\/index.php\/wp-json\/wp\/v2\/posts\/10308"}],"collection":[{"href":"https:\/\/diariorepublica.com.ar\/web\/index.php\/wp-json\/wp\/v2\/posts"}],"about":[{"href":"https:\/\/diariorepublica.com.ar\/web\/index.php\/wp-json\/wp\/v2\/types\/post"}],"author":[{"embeddable":true,"href":"https:\/\/diariorepublica.com.ar\/web\/index.php\/wp-json\/wp\/v2\/users\/2"}],"replies":[{"embeddable":true,"href":"https:\/\/diariorepublica.com.ar\/web\/index.php\/wp-json\/wp\/v2\/comments?post=10308"}],"version-history":[{"count":1,"href":"https:\/\/diariorepublica.com.ar\/web\/index.php\/wp-json\/wp\/v2\/posts\/10308\/revisions"}],"predecessor-version":[{"id":10310,"href":"https:\/\/diariorepublica.com.ar\/web\/index.php\/wp-json\/wp\/v2\/posts\/10308\/revisions\/10310"}],"wp:featuredmedia":[{"embeddable":true,"href":"https:\/\/diariorepublica.com.ar\/web\/index.php\/wp-json\/wp\/v2\/media\/10309"}],"wp:attachment":[{"href":"https:\/\/diariorepublica.com.ar\/web\/index.php\/wp-json\/wp\/v2\/media?parent=10308"}],"wp:term":[{"taxonomy":"category","embeddable":true,"href":"https:\/\/diariorepublica.com.ar\/web\/index.php\/wp-json\/wp\/v2\/categories?post=10308"},{"taxonomy":"post_tag","embeddable":true,"href":"https:\/\/diariorepublica.com.ar\/web\/index.php\/wp-json\/wp\/v2\/tags?post=10308"}],"curies":[{"name":"wp","href":"https:\/\/api.w.org\/{rel}","templated":true}]}}