{"id":10335,"date":"2023-12-07T17:00:00","date_gmt":"2023-12-07T20:00:00","guid":{"rendered":"https:\/\/diariorepublica.com.ar\/web\/?p=10335"},"modified":"2023-12-07T17:25:57","modified_gmt":"2023-12-07T20:25:57","slug":"el-dolar-blue-cerro-la-gestion-de-alberto-fernandez-en-990","status":"publish","type":"post","link":"https:\/\/diariorepublica.com.ar\/web\/index.php\/economia\/2023\/12\/07\/el-dolar-blue-cerro-la-gestion-de-alberto-fernandez-en-990\/","title":{"rendered":"El d\u00f3lar blue cerr\u00f3 la gesti\u00f3n de Alberto Fern\u00e1ndez en $990"},"content":{"rendered":"<article id=\"article-post\" class=\"first\">\n<div class=\"cuerpo\" data-twitter-link=\"https:\/\/twitter.com\/intent\/tweet?url=https:\/\/www.diariopopular.com.ar\/c759561&amp;via=poopulardiario&amp;related=Popular&amp;text=\">\n<p>En el mercado informal, el denominado\u00a0<strong>d\u00f3lar blue\u00a0<\/strong>se ubic\u00f3 en\u00a0<strong>$990<\/strong>, con un aumento de\u00a0<strong>$35<\/strong>\u00a0respecto al mi\u00e9rcoles, en la \u00faltima jornada h\u00e1bil antes del cambio de Gobierno que se producir\u00e1 el domingo. El paralelo subi\u00f3 $80 en las \u00faltimas jornadas y qued\u00f3 cerca del r\u00e9cord de $1100, registrado a fines de octubre.<\/p>\n<\/div>\n<\/article>\n<article id=\"article-post\">\n<div class=\"cuerpo\" data-twitter-link=\"https:\/\/twitter.com\/intent\/tweet?url=https:\/\/www.diariopopular.com.ar\/c759561&amp;via=poopulardiario&amp;related=Popular&amp;text=\">\n<p>En ese marco, la brecha del paralelo con el tipo de cambio oficial alcanz\u00f3 el\u00a0<strong>157,1%. En lo que va de 2023, el d\u00f3lar blue acumula una suba de $634 despu\u00e9s de cerrar 2022 en $346.<\/strong><\/p>\n<p>La cotizaci\u00f3n de los d\u00f3lares burs\u00e1tiles marcan alzas de entre $45 y $58, en una jornada en la que el Banco Central (BCRA) vendi\u00f3 US$119 millones.<\/p>\n<p><strong>\u00abEn la semana el BCRA vendi\u00f3 US$377 millones y el rojo del mes se ubic\u00f3 de esta forma en US$484 millones\u00bb<\/strong>, precis\u00f3 el analista de mercados Gustavo Quintana.<\/p>\n<p>En el segmento burs\u00e1til, el d\u00f3lar Contado con Liquidaci\u00f3n (CCL) sube 6,2%, en $995,33; mientras que el MEP avanza 4,9%, en $982,59.<\/p>\n<p>En el mercado mayorista, la divisa estadounidense finaliz\u00f3 en un rango de entre $384 y $385 por unidad, $21,3 por encima del cierre de ayer.<\/p>\n<p>\u00abEn la semana que acaba de finalizar el tipo de cambio mayorista subi\u00f3 $23,90 respecto del cierre del viernes pasado\u00bb, indic\u00f3 Quintana, debido a que ma\u00f1ana no habr\u00e1 operaciones por el Feriado del D\u00eda de la Virgen Mar\u00eda.<\/p>\n<p>En tanto, el d\u00f3lar minorista -en base a las pantallas del Banco Naci\u00f3n- se ubic\u00f3 cincuenta centavos por encima de lo registrado ayer, en un promedio de $379,5 para la venta y $361,5 para la compra.<\/p>\n<p>Por su parte, la cotizaci\u00f3n para las compras con tarjeta en el exterior avanz\u00f3 2,53%, en $996,97.<\/p>\n<p>El volumen operado hoy en el segmento de contado fue de US$220,488 millones, en el sector de futuros del Mercado Abierto Electr\u00f3nico (MAE) se registraron operaciones por US$50 millones y el mercado de futuros Rofex por US$384 millones.<\/p>\n<\/div>\n<\/article>\n","protected":false},"excerpt":{"rendered":"<p>En el mercado informal, el denominado\u00a0d\u00f3lar blue\u00a0se ubic\u00f3 en\u00a0$990, con un aumento de\u00a0$35\u00a0respecto al mi\u00e9rcoles, en la \u00faltima jornada h\u00e1bil<\/p>\n","protected":false},"author":1,"featured_media":10336,"comment_status":"closed","ping_status":"closed","sticky":false,"template":"","format":"standard","meta":{"footnotes":"","jetpack_publicize_message":"","jetpack_publicize_feature_enabled":true,"jetpack_social_post_already_shared":true,"jetpack_social_options":{"image_generator_settings":{"template":"highway","enabled":false},"version":2}},"categories":[5],"tags":[],"class_list":["post-10335","post","type-post","status-publish","format-standard","has-post-thumbnail","hentry","category-economia"],"jetpack_publicize_connections":[],"_links":{"self":[{"href":"https:\/\/diariorepublica.com.ar\/web\/index.php\/wp-json\/wp\/v2\/posts\/10335"}],"collection":[{"href":"https:\/\/diariorepublica.com.ar\/web\/index.php\/wp-json\/wp\/v2\/posts"}],"about":[{"href":"https:\/\/diariorepublica.com.ar\/web\/index.php\/wp-json\/wp\/v2\/types\/post"}],"author":[{"embeddable":true,"href":"https:\/\/diariorepublica.com.ar\/web\/index.php\/wp-json\/wp\/v2\/users\/1"}],"replies":[{"embeddable":true,"href":"https:\/\/diariorepublica.com.ar\/web\/index.php\/wp-json\/wp\/v2\/comments?post=10335"}],"version-history":[{"count":1,"href":"https:\/\/diariorepublica.com.ar\/web\/index.php\/wp-json\/wp\/v2\/posts\/10335\/revisions"}],"predecessor-version":[{"id":10337,"href":"https:\/\/diariorepublica.com.ar\/web\/index.php\/wp-json\/wp\/v2\/posts\/10335\/revisions\/10337"}],"wp:featuredmedia":[{"embeddable":true,"href":"https:\/\/diariorepublica.com.ar\/web\/index.php\/wp-json\/wp\/v2\/media\/10336"}],"wp:attachment":[{"href":"https:\/\/diariorepublica.com.ar\/web\/index.php\/wp-json\/wp\/v2\/media?parent=10335"}],"wp:term":[{"taxonomy":"category","embeddable":true,"href":"https:\/\/diariorepublica.com.ar\/web\/index.php\/wp-json\/wp\/v2\/categories?post=10335"},{"taxonomy":"post_tag","embeddable":true,"href":"https:\/\/diariorepublica.com.ar\/web\/index.php\/wp-json\/wp\/v2\/tags?post=10335"}],"curies":[{"name":"wp","href":"https:\/\/api.w.org\/{rel}","templated":true}]}}