{"id":10344,"date":"2023-12-07T17:30:25","date_gmt":"2023-12-07T20:30:25","guid":{"rendered":"https:\/\/diariorepublica.com.ar\/web\/?p=10344"},"modified":"2023-12-07T17:30:27","modified_gmt":"2023-12-07T20:30:27","slug":"diputados-juraron-los-nuevos-legisladores-y-eligieron-a-martin-menem-como-presidente-de-la-camara","status":"publish","type":"post","link":"https:\/\/diariorepublica.com.ar\/web\/index.php\/politica\/2023\/12\/07\/diputados-juraron-los-nuevos-legisladores-y-eligieron-a-martin-menem-como-presidente-de-la-camara\/","title":{"rendered":"Diputados: juraron los nuevos legisladores y eligieron a Mart\u00edn Menem como presidente de la C\u00e1mara"},"content":{"rendered":"<article class=\"article-body article-body--first-paragraph content-protected-false\" data-td-script-src=\"https:\/\/www.ambito.com\/td\/modulos\/encuestas\/js\/function-embeds-min-version-1701922045.js\">Las<strong>\u00a0c\u00e1maras de\u00a0Diputados\u00a0tom\u00f3 juramento este jueves\u00a0<\/strong>a<strong>\u00a0los 130 diputados electos<\/strong>\u00a0y eligi\u00f3 como presidente al diputado de la Libertad Avanza,\u00a0<strong>Mart\u00edn Menem.\u00a0<\/strong>Los nuevos nombres tendr\u00e1n, en el corto plazo, un rol fundamental en el plan del pr\u00f3ximo\u00a0<strong>Gobierno:<\/strong>\u00a0permitir\u00e1n el avance o constituir\u00e1n la resistencia del programa de reformas que anticip\u00f3 el futuro oficialismo.<\/p>\n<\/article>\n<article class=\"article-body article-body--second-paragraph content-protected-false\">El candidato propuesto por el oficialismo,<strong>\u00a0fue elegido con el apoyo de todos los bloques\u00a0<\/strong>a excepci\u00f3n del Frente de Izquierda que justific\u00f3 su abstenci\u00f3n en las voces de Romina del Pl\u00e1 y Myriam Bregman.<\/p>\n<article class=\"article-body article-body--third-paragraph content-protected-false\">Al tomar la palabra, desde el estrado el flamante presidente de la C\u00e1mara baja agradeci\u00f3 el apoyo de sus pares y adelant\u00f3 que comenzar\u00e1 un per\u00edodo de austeridad. \u201cComo dijo el presidente electo:\u00a0<strong>\u2018No hay plata\u2019\u00bb<\/strong>, indic\u00f3 y dej\u00f3 en claro que resultar\u00e1 indispensable reducir el gasto para lo cual debemos desmontar las estructuras que no aportan nada\u201d.<\/p>\n<\/article>\n<article class=\"article-body article-body--fourth-paragraph content-protected-false\">En tanto, con posterioridad los legisladores eligieron a la diputada\u00a0<strong>Cecilia Moreau<\/strong>\u00a0de Uni\u00f3n por la Patria, como vicepresidenta 1\u00b0, y al radical<strong>\u00a0Julio Cobos<\/strong>, como vicepresidente 2\u00b0. En tanto, el PRO se reserv\u00f3 la designaci\u00f3n del vicepresidente 3\u00b0.<\/p>\n<\/article>\n<article class=\"article-body article-body--remaining-paragraph content-protected-false\">\n<div id=\"embed93_wrap\" class=\"embed_cont type_freetext\" contenteditable=\"false\">\n<div id=\"embed93_content\" class=\"embed_content\">\n<div id=\"embed93_embed\"><iframe loading=\"lazy\" title=\"DTV DIPUTADOS TELEVISI\u00d3N - en vivo las 24 hs.\" src=\"https:\/\/www.youtube.com\/embed\/Gq6MIaZ501A\" width=\"695\" height=\"391\" frameborder=\"0\" allowfullscreen=\"allowfullscreen\" data-td-src-property=\"https:\/\/www.youtube.com\/embed\/Gq6MIaZ501A\" data-mce-fragment=\"1\"><\/iframe><\/div>\n<\/div>\n<\/div>\n<h2><\/h2>\n<p>En un marco de emotividad y fuerte expectativa, con los palcos del recinto colmados de familiares y simpatizantes, los nuevos diputados de las distintas bancadas que inician su mandato el 10 de diciembre juraron hoy en el recinto de la C\u00e1mara baja.<\/p>\n<p>Entre los diputados que juraron estuvieron Miguel \u00c1ngel Pichetto, M\u00e1ximo Kirchner, Mart\u00edn Menem, Santiago Cafiero, Lilia Lemoine, Cristian Ritondo y Victoria Tolosa Paz.<\/p>\n<p>Tambi\u00e9n prestaron juramento\u00a0<strong>Germ\u00e1n Mart\u00ednez, Nicol\u00e1s Massot, Maximiliano Ferraro, Oscar Zago, Carlos D Alessandro<\/strong>\u00a0y\u00a0<strong>Marcela Pagano.<\/strong><\/p>\n<p>La jura de los 130 diputados electos el 22 de octubre pasado, marc\u00f3 el debut del nuevo equilibrio de poder que regir\u00e1 en la C\u00e1mara baja a partir del 10 de diciembre, en el nuevo ciclo pol\u00edtico que se inicia con el Gobierno de Javier Milei.<\/p>\n<p>El inicio de la sesi\u00f3n, que fue presidida por<strong>\u00a0Carlos Heller<\/strong>\u00a0por ser el diputado de mayor edad, estuvo demorado por las negociaciones por las vicepresidencias, en medio de intensas roscas entre los bloques y al interior de las pocas bancadas.<\/p>\n<p>Antes de la ceremonia de jura se produjo las renuncias de los legisladores salientes, y la titular del cuerpo,\u00a0<strong>Cecilia Moreau,<\/strong>\u00a0pronunci\u00f3 un emotivo discurso de despedida con tinte \u00abantigrieta\u00bb. La diputada massista subray\u00f3 el orgullo de haber sido la primera presidenta mujer de la C\u00e1mara baja y en simult\u00e1neo al aniversario 40 de la recuperaci\u00f3n de la democracia.<\/p>\n<p>Desde la bancada radical un pu\u00f1ado se par\u00f3 para aplaudir las palabras de Moreau, y gener\u00f3 un efecto contagio en todo el recinto. La presidente saliente destac\u00f3 especialmente al cordob\u00e9s\u00a0<strong>Mario Negri,<\/strong>\u00a0quien asisti\u00f3 a su \u00faltima sesi\u00f3n luego de haber sido diputado nacional y jefe de la bancada radical de forma ininterrumpida desde 2011 (tambi\u00e9n hab\u00eda integrado la C\u00e1mara baja entre 1993 y 2001 y entre 2003 y 2007).<\/p>\n<p><strong>\u00abUn honor haber construido esta c\u00e1mara junto a usted\u00bb,\u00a0<\/strong>se\u00f1al\u00f3 Moreau en alusi\u00f3n a Negri, quien agradeci\u00f3 con la mirada el gesto. Varios diputados de Juntos por el Cambio se acercaron al cordob\u00e9s para abrazarlo en su despedida.<\/p>\n<p>Fuente: ambito.com<\/p>\n<\/article>\n<\/article>\n","protected":false},"excerpt":{"rendered":"<p>Las\u00a0c\u00e1maras de\u00a0Diputados\u00a0tom\u00f3 juramento este jueves\u00a0a\u00a0los 130 diputados electos\u00a0y eligi\u00f3 como presidente al diputado de la Libertad Avanza,\u00a0Mart\u00edn Menem.\u00a0Los nuevos nombres<\/p>\n","protected":false},"author":1,"featured_media":10345,"comment_status":"closed","ping_status":"closed","sticky":false,"template":"","format":"standard","meta":{"footnotes":"","jetpack_publicize_message":"","jetpack_publicize_feature_enabled":true,"jetpack_social_post_already_shared":true,"jetpack_social_options":{"image_generator_settings":{"template":"highway","enabled":false},"version":2}},"categories":[12],"tags":[],"class_list":["post-10344","post","type-post","status-publish","format-standard","has-post-thumbnail","hentry","category-politica"],"jetpack_publicize_connections":[],"_links":{"self":[{"href":"https:\/\/diariorepublica.com.ar\/web\/index.php\/wp-json\/wp\/v2\/posts\/10344"}],"collection":[{"href":"https:\/\/diariorepublica.com.ar\/web\/index.php\/wp-json\/wp\/v2\/posts"}],"about":[{"href":"https:\/\/diariorepublica.com.ar\/web\/index.php\/wp-json\/wp\/v2\/types\/post"}],"author":[{"embeddable":true,"href":"https:\/\/diariorepublica.com.ar\/web\/index.php\/wp-json\/wp\/v2\/users\/1"}],"replies":[{"embeddable":true,"href":"https:\/\/diariorepublica.com.ar\/web\/index.php\/wp-json\/wp\/v2\/comments?post=10344"}],"version-history":[{"count":1,"href":"https:\/\/diariorepublica.com.ar\/web\/index.php\/wp-json\/wp\/v2\/posts\/10344\/revisions"}],"predecessor-version":[{"id":10346,"href":"https:\/\/diariorepublica.com.ar\/web\/index.php\/wp-json\/wp\/v2\/posts\/10344\/revisions\/10346"}],"wp:featuredmedia":[{"embeddable":true,"href":"https:\/\/diariorepublica.com.ar\/web\/index.php\/wp-json\/wp\/v2\/media\/10345"}],"wp:attachment":[{"href":"https:\/\/diariorepublica.com.ar\/web\/index.php\/wp-json\/wp\/v2\/media?parent=10344"}],"wp:term":[{"taxonomy":"category","embeddable":true,"href":"https:\/\/diariorepublica.com.ar\/web\/index.php\/wp-json\/wp\/v2\/categories?post=10344"},{"taxonomy":"post_tag","embeddable":true,"href":"https:\/\/diariorepublica.com.ar\/web\/index.php\/wp-json\/wp\/v2\/tags?post=10344"}],"curies":[{"name":"wp","href":"https:\/\/api.w.org\/{rel}","templated":true}]}}