{"id":10350,"date":"2023-12-07T17:33:37","date_gmt":"2023-12-07T20:33:37","guid":{"rendered":"https:\/\/diariorepublica.com.ar\/web\/?p=10350"},"modified":"2023-12-07T17:33:38","modified_gmt":"2023-12-07T20:33:38","slug":"el-senado-tomo-juramento-a-los-24-senadores-electos-en-octubre","status":"publish","type":"post","link":"https:\/\/diariorepublica.com.ar\/web\/index.php\/nacionales\/2023\/12\/07\/el-senado-tomo-juramento-a-los-24-senadores-electos-en-octubre\/","title":{"rendered":"El Senado tom\u00f3 juramento a los 24 senadores electos en octubre"},"content":{"rendered":"<article class=\"article-body article-body--first-paragraph content-protected-false\" data-td-script-src=\"https:\/\/www.ambito.com\/td\/modulos\/encuestas\/js\/function-embeds-min-version-1701922045.js\"><strong>La transici\u00f3n avanza<\/strong>.\u00a0El Senado realiz\u00f3 esta tarde la\u00a0<strong>sesi\u00f3n preparatoria<\/strong>\u00a0en la que prestaron juramento los\u00a0<strong>24 senadores electos<\/strong>\u00a0que se sumar\u00e1n al cuerpo a partir del\u00a0<strong>10 de diciembre<\/strong>. De este modo quedar\u00e1 delineada la pol\u00edtica de la C\u00e1mara alta durante los pr\u00f3ximos\u00a0<strong>dos a\u00f1os<\/strong>.<\/p>\n<\/article>\n<article class=\"article-body article-body--second-paragraph content-protected-false\">Estas sesiones se llevan adelante de acuerdo a los art\u00edculos 7 al 12 del Reglamento de la C\u00e1mara, que refieren a la renovaci\u00f3n y a la toma de juramento de los parlamentarios entrantes. El acto estuvo a cargo de la actual vicepresidenta 1\u00b0 del cuerpo,\u00a0<strong>Claudia Ledesma Abdala de Zamora.<\/strong><\/p>\n<p>Durante la jornada de hoy, no estuvo en consideraci\u00f3n la\u00a0<strong>elecci\u00f3n<\/strong>\u00a0de autoridades de la C\u00e1mara alta que est\u00e1 previsto en el art\u00edculo 1\u00b0 del Reglamento, ya que all\u00ed se establece que ese paso administrativo se debe realizar\u00a0<strong>\u00abel 24 de febrero de cada a\u00f1o\u00bb\u00a0<\/strong>o<strong>\u00a0\u00abel primer d\u00eda h\u00e1bil anterior\u00bb<\/strong>.<\/p>\n<article class=\"article-body article-body--fourth-paragraph content-protected-false\">En las elecciones del pasado 22 de octubre,\u00a0<strong>Uni\u00f3n por la Patria (UP)<\/strong>, que en el Congreso a\u00fan se llama\u00a0<strong>Frente de Todos (FdT)<\/strong>, obtuvo\u00a0<strong>11 esca\u00f1os<\/strong>, lo que le permitir\u00e1 reunir una bancada de\u00a0<strong>33 legisladores<\/strong>\u00a0manteniendo as\u00ed la primera minor\u00eda.<\/p>\n<\/article>\n<article class=\"article-body article-body--remaining-paragraph content-protected-false\">Entre los legisladores que deber\u00e1n prestar juramento por este bloque son los bonaerenses\u00a0<strong>Juliana Di Tullio (reelecta)<\/strong>\u00a0y el actual ministro del Interior,<strong>\u00a0Eduardo \u00abWado\u00bb De Pedro<\/strong>; los formose\u00f1os\u00a0<strong>Jos\u00e9 Mayans<\/strong>\u00a0y\u00a0<strong>Mar\u00eda Teresa Gonz\u00e1lez<\/strong>\u00a0(ambos elegidos nuevamente); los sanjuaninos\u00a0<strong>Mar\u00eda Celeste Gim\u00e9nez Navarro<\/strong>\u00a0y\u00a0<strong>Sergio U\u00f1ac<\/strong>; la santacruce\u00f1a\u00a0<strong>Alicia Kirchner<\/strong>; los riojanos\u00a0<strong>Florencia L\u00f3pez\u00a0<\/strong>y\u00a0<strong>Fernando Rejal<\/strong>; la juje\u00f1a\u00a0<strong>Carolina Mois\u00e9s<\/strong>\u00a0y el puntano\u00a0<strong>Fernando Salino<\/strong>.<\/p>\n<p>En tanto, los senadores de\u00a0<strong>La Libertad Avanza (LLA)<\/strong>, que se incorporar\u00e1n por primera vez a la C\u00e1mara alta, tendr\u00e1n una banca de solo siete integrantes, quienes ser\u00e1n: el formose\u00f1o\u00a0<strong>Francisco Paoltroni<\/strong>\u00a0(quien es candidato a\u00a0<strong>presidente provisional del Senado<\/strong>); los juje\u00f1os\u00a0<strong>Ezequiel Atauche<\/strong>\u00a0(elegido presidente del bloque) y\u00a0<strong>Vilma Bedia<\/strong>; los puntanos\u00a0<strong>Bartolom\u00e9 Abdala<\/strong>\u00a0e\u00a0<strong>Ivana Arrascaeta<\/strong>; el riojano\u00a0<strong>Juan Carlos Pagotto<\/strong>\u00a0y el sanjuanino\u00a0<strong>Bruno Olivera Lucer<\/strong>.<\/p>\n<p>La vicepresidenta\u00a0<strong>Fern\u00e1ndez de Kirchner<\/strong>\u00a0tambi\u00e9n est\u00e1 tomando juramento a los\u00a0<strong>dos legisladores\u00a0<\/strong>que ingresaron por JxC: el radical bonaerense\u00a0<strong>Maximiliano Abad<\/strong>\u00a0y el macrista misionero\u00a0<strong>Mart\u00edn Goerling<\/strong>.<\/p>\n<p>La bancada de JxC a\u00fan negocia mantenerse unida. Si as\u00ed ocurriera, se tratar\u00eda de\u00a0<strong>la segunda minor\u00eda<\/strong>, con una bancada de\u00a0<strong>24 integrantes<\/strong>.<\/p>\n<p>En efecto, ma\u00f1ana al mediod\u00eda, antes de la ceremonia de la jura, el bloque PRO\u00a0<strong>mantendr\u00e1 una reuni\u00f3n<\/strong>\u00a0y elegir\u00e1 a quien ser\u00e1 su conductor.<\/p>\n<p>La voluntad expresada por la mayor\u00eda de los radicales (que ayer eligieron al correntino\u00a0<strong>Eduardo Vischi<\/strong>\u00a0como su presidente) y de los legisladores de PRO \u00abes\u00a0<strong>continuar dentro<\/strong>\u00a0de\u00a0<strong>JxC\u00bb.<\/strong><\/p>\n<\/article>\n<\/article>\n","protected":false},"excerpt":{"rendered":"<p>La transici\u00f3n avanza.\u00a0El Senado realiz\u00f3 esta tarde la\u00a0sesi\u00f3n preparatoria\u00a0en la que prestaron juramento los\u00a024 senadores electos\u00a0que se sumar\u00e1n al cuerpo<\/p>\n","protected":false},"author":1,"featured_media":10351,"comment_status":"closed","ping_status":"closed","sticky":false,"template":"","format":"standard","meta":{"footnotes":"","jetpack_publicize_message":"","jetpack_publicize_feature_enabled":true,"jetpack_social_post_already_shared":true,"jetpack_social_options":{"image_generator_settings":{"template":"highway","enabled":false},"version":2}},"categories":[4],"tags":[],"class_list":["post-10350","post","type-post","status-publish","format-standard","has-post-thumbnail","hentry","category-nacionales"],"jetpack_publicize_connections":[],"_links":{"self":[{"href":"https:\/\/diariorepublica.com.ar\/web\/index.php\/wp-json\/wp\/v2\/posts\/10350"}],"collection":[{"href":"https:\/\/diariorepublica.com.ar\/web\/index.php\/wp-json\/wp\/v2\/posts"}],"about":[{"href":"https:\/\/diariorepublica.com.ar\/web\/index.php\/wp-json\/wp\/v2\/types\/post"}],"author":[{"embeddable":true,"href":"https:\/\/diariorepublica.com.ar\/web\/index.php\/wp-json\/wp\/v2\/users\/1"}],"replies":[{"embeddable":true,"href":"https:\/\/diariorepublica.com.ar\/web\/index.php\/wp-json\/wp\/v2\/comments?post=10350"}],"version-history":[{"count":1,"href":"https:\/\/diariorepublica.com.ar\/web\/index.php\/wp-json\/wp\/v2\/posts\/10350\/revisions"}],"predecessor-version":[{"id":10352,"href":"https:\/\/diariorepublica.com.ar\/web\/index.php\/wp-json\/wp\/v2\/posts\/10350\/revisions\/10352"}],"wp:featuredmedia":[{"embeddable":true,"href":"https:\/\/diariorepublica.com.ar\/web\/index.php\/wp-json\/wp\/v2\/media\/10351"}],"wp:attachment":[{"href":"https:\/\/diariorepublica.com.ar\/web\/index.php\/wp-json\/wp\/v2\/media?parent=10350"}],"wp:term":[{"taxonomy":"category","embeddable":true,"href":"https:\/\/diariorepublica.com.ar\/web\/index.php\/wp-json\/wp\/v2\/categories?post=10350"},{"taxonomy":"post_tag","embeddable":true,"href":"https:\/\/diariorepublica.com.ar\/web\/index.php\/wp-json\/wp\/v2\/tags?post=10350"}],"curies":[{"name":"wp","href":"https:\/\/api.w.org\/{rel}","templated":true}]}}