{"id":10356,"date":"2023-12-07T19:33:55","date_gmt":"2023-12-07T22:33:55","guid":{"rendered":"https:\/\/diariorepublica.com.ar\/web\/?p=10356"},"modified":"2023-12-07T19:33:56","modified_gmt":"2023-12-07T22:33:56","slug":"el-mensaje-de-javier-milei-a-su-hermana-karina-el-jefe-le-gano-a-la-casta","status":"publish","type":"post","link":"https:\/\/diariorepublica.com.ar\/web\/index.php\/nacionales\/2023\/12\/07\/el-mensaje-de-javier-milei-a-su-hermana-karina-el-jefe-le-gano-a-la-casta\/","title":{"rendered":"El mensaje de Javier Milei a su hermana Karina: \u00abEl jefe le gan\u00f3 a la casta\u00bb"},"content":{"rendered":"<article class=\"article-body article-body--first-paragraph content-protected-false\" data-td-script-src=\"https:\/\/www.ambito.com\/td\/modulos\/encuestas\/js\/function-embeds-min-version-1701922045.js\">A pocos d\u00edas de asumir como presidente, J<strong>avier Milei le dedic\u00f3 un mensaje a\u00a0su hermana Karina<\/strong>, armadora pol\u00edtica hist\u00f3rica del libertario. En sus redes sociales public\u00f3 una foto de ella y titul\u00f3:\u00a0<strong>\u00abY el jefe le gan\u00f3 a la casta\u00bb.<\/strong><\/p>\n<\/article>\n<article class=\"article-body article-body--second-paragraph content-protected-false\"><strong>\u00abLe han dicho de todo, la menospreciaron, la han insultado, injuriado y calumniado<\/strong>\u00ab, escribi\u00f3 Milei y agreg\u00f3: \u00abSin embargo, EL JEFE, nunca baj\u00f3 los brazos. Sigui\u00f3 adelante perdonando y sin rencor&#8230;<strong>\u00a0Demasiada grandeza para ser entendida por el humano promedio&#8230;\u00bb.<\/strong><\/p>\n<article class=\"article-body article-body--third-paragraph content-protected-false\">Para el presidente electo, Karina Milei<strong>\u00a0\u00abhoy contempl\u00f3 parte de SU OBRA&#8230;\u00bb\u00a0<\/strong>y \u00abEl domingo volver\u00e1 a brillar con m\u00e1s fuerza&#8230;\u00bb.<\/p>\n<\/article>\n<article class=\"article-body article-body--fourth-paragraph content-protected-false\">\n<div id=\"embed6369_wrap\" class=\"embed_cont type_freetext\" contenteditable=\"false\" data-provider=\"Instagram\">\n<div id=\"embed6369_content\" class=\"embed_content\">\n<div id=\"embed6369_embed\"><iframe id=\"instagram-embed-0\" class=\"instagram-media instagram-media-rendered\" src=\"https:\/\/www.instagram.com\/p\/C0j8zXygsuy\/embed\/captioned\/?cr=1&amp;v=14&amp;wp=816&amp;rd=https%3A%2F%2Fwww.ambito.com&amp;rp=%2Fpolitica%2Fel-mensaje-javier-milei-su-hermana-karina-el-jefe-le-gano-la-casta-n5894202#%7B%22ci%22%3A0%2C%22os%22%3A29603.20000000298%7D\" height=\"1057\" frameborder=\"0\" scrolling=\"no\" allowfullscreen=\"allowfullscreen\" data-instgrm-payload-id=\"instagram-media-payload-0\" data-mce-fragment=\"1\"><\/iframe><\/div>\n<\/div>\n<\/div>\n<h6>Qui\u00e9n es Karina Milei, la pieza fundamental en la llegada de su hermano al poder<\/h6>\n<p>El l\u00edder de<strong>\u00a0La Libertad Avanza (LLA)<\/strong>,\u00a0<strong>Javier Milei,<\/strong>\u00a0es el\u00a0<strong>nuevo presidente electo de la Argentina<\/strong>, luego de obtener el\u00a0<strong>triunfo en el balotaje<\/strong>\u00a0celebrado en todo el pa\u00eds. Pero, detr\u00e1s de la figura de \u00abel le\u00f3n\u00bb, existe una persona que fue determinante en el fen\u00f3meno del l\u00edder libertario: su hermana,\u00a0<strong>Karina Milei<\/strong>.<\/p>\n<\/article>\n<article class=\"article-body article-body--remaining-paragraph content-protected-false\">Karina Elizabeth Milei se revela como la\u00a0<strong>pieza clave en la gesti\u00f3n<\/strong>\u00a0de todos los aspectos sensibles de la carrera de su hermano hasta la Casa Rosada. Desempe\u00f1ando un\u00a0<strong>papel crucial en la transici\u00f3n<\/strong>, se constituye como la\u00a0<strong>confidente m\u00e1s cercana del economista libertario<\/strong>.<\/p>\n<\/article>\n<\/article>\n","protected":false},"excerpt":{"rendered":"<p>A pocos d\u00edas de asumir como presidente, Javier Milei le dedic\u00f3 un mensaje a\u00a0su hermana Karina, armadora pol\u00edtica hist\u00f3rica del<\/p>\n","protected":false},"author":1,"featured_media":10357,"comment_status":"closed","ping_status":"closed","sticky":false,"template":"","format":"standard","meta":{"footnotes":"","jetpack_publicize_message":"","jetpack_publicize_feature_enabled":true,"jetpack_social_post_already_shared":true,"jetpack_social_options":{"image_generator_settings":{"template":"highway","enabled":false},"version":2}},"categories":[4],"tags":[],"class_list":["post-10356","post","type-post","status-publish","format-standard","has-post-thumbnail","hentry","category-nacionales"],"jetpack_publicize_connections":[],"_links":{"self":[{"href":"https:\/\/diariorepublica.com.ar\/web\/index.php\/wp-json\/wp\/v2\/posts\/10356"}],"collection":[{"href":"https:\/\/diariorepublica.com.ar\/web\/index.php\/wp-json\/wp\/v2\/posts"}],"about":[{"href":"https:\/\/diariorepublica.com.ar\/web\/index.php\/wp-json\/wp\/v2\/types\/post"}],"author":[{"embeddable":true,"href":"https:\/\/diariorepublica.com.ar\/web\/index.php\/wp-json\/wp\/v2\/users\/1"}],"replies":[{"embeddable":true,"href":"https:\/\/diariorepublica.com.ar\/web\/index.php\/wp-json\/wp\/v2\/comments?post=10356"}],"version-history":[{"count":1,"href":"https:\/\/diariorepublica.com.ar\/web\/index.php\/wp-json\/wp\/v2\/posts\/10356\/revisions"}],"predecessor-version":[{"id":10358,"href":"https:\/\/diariorepublica.com.ar\/web\/index.php\/wp-json\/wp\/v2\/posts\/10356\/revisions\/10358"}],"wp:featuredmedia":[{"embeddable":true,"href":"https:\/\/diariorepublica.com.ar\/web\/index.php\/wp-json\/wp\/v2\/media\/10357"}],"wp:attachment":[{"href":"https:\/\/diariorepublica.com.ar\/web\/index.php\/wp-json\/wp\/v2\/media?parent=10356"}],"wp:term":[{"taxonomy":"category","embeddable":true,"href":"https:\/\/diariorepublica.com.ar\/web\/index.php\/wp-json\/wp\/v2\/categories?post=10356"},{"taxonomy":"post_tag","embeddable":true,"href":"https:\/\/diariorepublica.com.ar\/web\/index.php\/wp-json\/wp\/v2\/tags?post=10356"}],"curies":[{"name":"wp","href":"https:\/\/api.w.org\/{rel}","templated":true}]}}