{"id":10468,"date":"2023-12-10T16:15:00","date_gmt":"2023-12-10T19:15:00","guid":{"rendered":"https:\/\/diariorepublica.com.ar\/web\/?p=10468"},"modified":"2023-12-10T16:31:41","modified_gmt":"2023-12-10T19:31:41","slug":"javier-milei-salio-al-balcon-de-la-casa-rosada-para-saludar-a-una-multitud-que-lo-espero-en-plaza-de-mayo","status":"publish","type":"post","link":"https:\/\/diariorepublica.com.ar\/web\/index.php\/nacionales\/2023\/12\/10\/javier-milei-salio-al-balcon-de-la-casa-rosada-para-saludar-a-una-multitud-que-lo-espero-en-plaza-de-mayo\/","title":{"rendered":"Javier Milei sali\u00f3 al balc\u00f3n de la Casa Rosada para saludar a una multitud que lo esper\u00f3 en Plaza de Mayo"},"content":{"rendered":"<p>Tras\u00a0saludar a las delegaciones extranjeras,\u00a0<strong>Javier Milei\u00a0<\/strong>sali\u00f3 al balc\u00f3n de la\u00a0Casa Rosada\u00a0y brind\u00f3 un discurso frente a los ciudadanos reunidos en Plaza de Mayo que lo ovacionaban.<\/p>\n<p>El flamante mandatario comenz\u00f3 a cantar\u00a0<em>\u00abPanic Show\u00bb<\/em>, canci\u00f3n de La Renga que lo acompa\u00f1\u00f3 durante su campa\u00f1a presidencial, para luego dar paso a unas palabras que siguieron la connotaci\u00f3n de su discurso de asunci\u00f3n, asegurando que\u00a0<strong>\u00absiempre les voy a decir la verdad y eso no es gratis<\/strong>. Saben que prefiero decirles una verdad inc\u00f3moda antes que una mentira inconfortable\u00bb.<\/p>\n<p>\u00abQuiero que tengan conciencia, que tengamos claro que\u00a0<strong>vamos a comenzar la reconstrucci\u00f3n argentina\u00a0<\/strong>luego de 100 a\u00f1os de decadencia\u00bb, ampli\u00f3 el jefe de Estado, y a\u00f1adi\u00f3 que \u00absi bien vamos a tener que soportar per\u00edodos complejos, vamos a salir adelante\u00bb, para luego puntualizar que \u00abes el fin de la noche populista\u00bb.<\/p>\n<p>Por otro lado, dio \u00ablas gracias a cada uno de ustedes por el cari\u00f1o manifestado\u00bb y por acompa\u00f1ar \u00abestas\u00a0<strong>horas de tanta alegr\u00eda por la llegada al poder de un presidente liberal libertario\u00bb.<\/strong><\/p>\n<p>Tal como lo hizo en su discurso en las escalinatas del Congreso,<strong>\u00a0Milei cit\u00f3 ideas de Alberto Benegas Lynch hijo<\/strong>\u00a0como base de \u00abnuestra libertad\u00bb, como \u00abel respeto irrestricto al proyecto de vida del pr\u00f3jimo, basado en el principio de no agresi\u00f3n, el derecho a la vida y a la propiedad\u00bb, y enumer\u00f3 \u00abla propiedad privada, los mercados libres sin intervenci\u00f3n estatal, la divisi\u00f3n del trabajo y la cooperaci\u00f3n social\u00bb.<\/p>\n<p>Al final de su discurso, el presidente electo expres\u00f3 ante la multitud: \u00abArgentinos,\u00a0<strong>pong\u00e1monos de pie,<\/strong>\u00a0abracemos estas ideas del liberalismo\u00bb, porque\u00a0<strong>\u00ablas fuerzas del cielo nos van a hacer el mejor gobierno de la historia\u00bb.<\/strong><\/p>\n","protected":false},"excerpt":{"rendered":"<p>Tras\u00a0saludar a las delegaciones extranjeras,\u00a0Javier Milei\u00a0sali\u00f3 al balc\u00f3n de la\u00a0Casa Rosada\u00a0y brind\u00f3 un discurso frente a los ciudadanos reunidos en<\/p>\n","protected":false},"author":1,"featured_media":10469,"comment_status":"closed","ping_status":"closed","sticky":false,"template":"","format":"standard","meta":{"footnotes":"","jetpack_publicize_message":"","jetpack_publicize_feature_enabled":true,"jetpack_social_post_already_shared":true,"jetpack_social_options":{"image_generator_settings":{"template":"highway","enabled":false},"version":2}},"categories":[4],"tags":[],"class_list":["post-10468","post","type-post","status-publish","format-standard","has-post-thumbnail","hentry","category-nacionales"],"jetpack_publicize_connections":[],"_links":{"self":[{"href":"https:\/\/diariorepublica.com.ar\/web\/index.php\/wp-json\/wp\/v2\/posts\/10468"}],"collection":[{"href":"https:\/\/diariorepublica.com.ar\/web\/index.php\/wp-json\/wp\/v2\/posts"}],"about":[{"href":"https:\/\/diariorepublica.com.ar\/web\/index.php\/wp-json\/wp\/v2\/types\/post"}],"author":[{"embeddable":true,"href":"https:\/\/diariorepublica.com.ar\/web\/index.php\/wp-json\/wp\/v2\/users\/1"}],"replies":[{"embeddable":true,"href":"https:\/\/diariorepublica.com.ar\/web\/index.php\/wp-json\/wp\/v2\/comments?post=10468"}],"version-history":[{"count":1,"href":"https:\/\/diariorepublica.com.ar\/web\/index.php\/wp-json\/wp\/v2\/posts\/10468\/revisions"}],"predecessor-version":[{"id":10470,"href":"https:\/\/diariorepublica.com.ar\/web\/index.php\/wp-json\/wp\/v2\/posts\/10468\/revisions\/10470"}],"wp:featuredmedia":[{"embeddable":true,"href":"https:\/\/diariorepublica.com.ar\/web\/index.php\/wp-json\/wp\/v2\/media\/10469"}],"wp:attachment":[{"href":"https:\/\/diariorepublica.com.ar\/web\/index.php\/wp-json\/wp\/v2\/media?parent=10468"}],"wp:term":[{"taxonomy":"category","embeddable":true,"href":"https:\/\/diariorepublica.com.ar\/web\/index.php\/wp-json\/wp\/v2\/categories?post=10468"},{"taxonomy":"post_tag","embeddable":true,"href":"https:\/\/diariorepublica.com.ar\/web\/index.php\/wp-json\/wp\/v2\/tags?post=10468"}],"curies":[{"name":"wp","href":"https:\/\/api.w.org\/{rel}","templated":true}]}}