{"id":10608,"date":"2023-12-15T06:43:06","date_gmt":"2023-12-15T09:43:06","guid":{"rendered":"https:\/\/diariorepublica.com.ar\/web\/?p=10608"},"modified":"2023-12-15T06:43:09","modified_gmt":"2023-12-15T09:43:09","slug":"representantes-de-los-3-poderes-crearon-una-mesa-de-trabajo-permanente","status":"publish","type":"post","link":"https:\/\/diariorepublica.com.ar\/web\/index.php\/politica\/2023\/12\/15\/representantes-de-los-3-poderes-crearon-una-mesa-de-trabajo-permanente\/","title":{"rendered":"Representantes de los 3 Poderes crearon una \u201cMesa de Trabajo Permanente\u201d"},"content":{"rendered":"<p>Tal como estaba previsto, representantes del Poder Ejecutivo, Legislativo y Judicial se reunieron para analizar el panorama econ\u00f3mico, tanto a nivel provincial como nacional, en respuesta a las medidas de ajuste anunciadas por el Gobierno Nacional y su impacto en la provincia. En el encuentro, realizado en el Ministerio de Econom\u00eda, se acord\u00f3 establecer una \u201cmesa de trabajo Interpoderes permanente\u201d que tendr\u00e1 como fin \u201cmonitorear la crisis y dise\u00f1ar estrategias que mitiguen los efectos de las decisiones macroecon\u00f3micas nacionales\u201d.<\/p>\n<p>Del encuentro, participaron el vicegobernador, Rub\u00e9n Dusso; la ministra de Econom\u00eda, Alejandra Nazareno; el ministro de Gobierno, Justicia y Derechos Humanos, Fernando \u00c1vila; y la ministra de Trabajo, Planificaci\u00f3n y Recursos Humanos, Ver\u00f3nica Soria. Por su parte, del Poder Judicial estuvo presente la presidenta de la Corte Suprema, Fernanda Rosales, mientras que por el Tribunal de Cuentas asisti\u00f3 el vocal Sebasti\u00e1n V\u00e9liz y la presidenta de la C\u00e1mara de Diputados, Paola Fedeli, represent\u00f3 al Poder Legislativo.<\/p>\n<p>En la reuni\u00f3n, se mostr\u00f3 a rasgos generales los n\u00fameros actuales de la Provincia y una proyecci\u00f3n de c\u00f3mo afectar\u00e1n a las finanzas locales las medidas tomadas por el gobierno de Javier Milei. En ese marco, se avanz\u00f3 en la necesidad de iniciar un di\u00e1logo y una colaboraci\u00f3n conjunta para planificar las acciones a seguir durante el 2024 considerando el actual contexto financiero. A la salida de la reuni\u00f3n, el ministro de Gobierno, Justicia y Derechos Humanos, Fernando \u00c1vila, destac\u00f3 que el encuentro surgi\u00f3 ante \u201cla incertidumbre que tiene la gente con las medidas nacionales y sobre c\u00f3mo van a impactar en la econom\u00eda local\u201d.<\/p>\n<p>Respecto a las cuestiones salariales, el ministro indic\u00f3 que se est\u00e1 evaluando la situaci\u00f3n y que el di\u00e1logo con los sindicatos es constante. \u201cSe est\u00e1 analizando todo, est\u00e1 todo sobre la mesa, estamos trabajando y evaluando los impactos y las formas de resolver las cosas, siempre priorizando los que est\u00e1n en mayor situaci\u00f3n de vulnerabilidad\u201d, finaliz\u00f3.<\/p>\n","protected":false},"excerpt":{"rendered":"<p>Tal como estaba previsto, representantes del Poder Ejecutivo, Legislativo y Judicial se reunieron para analizar el panorama econ\u00f3mico, tanto a<\/p>\n","protected":false},"author":2,"featured_media":10609,"comment_status":"closed","ping_status":"closed","sticky":false,"template":"","format":"standard","meta":{"footnotes":"","jetpack_publicize_message":"","jetpack_publicize_feature_enabled":true,"jetpack_social_post_already_shared":true,"jetpack_social_options":{"image_generator_settings":{"template":"highway","enabled":false},"version":2}},"categories":[12],"tags":[],"class_list":["post-10608","post","type-post","status-publish","format-standard","has-post-thumbnail","hentry","category-politica"],"jetpack_publicize_connections":[],"_links":{"self":[{"href":"https:\/\/diariorepublica.com.ar\/web\/index.php\/wp-json\/wp\/v2\/posts\/10608"}],"collection":[{"href":"https:\/\/diariorepublica.com.ar\/web\/index.php\/wp-json\/wp\/v2\/posts"}],"about":[{"href":"https:\/\/diariorepublica.com.ar\/web\/index.php\/wp-json\/wp\/v2\/types\/post"}],"author":[{"embeddable":true,"href":"https:\/\/diariorepublica.com.ar\/web\/index.php\/wp-json\/wp\/v2\/users\/2"}],"replies":[{"embeddable":true,"href":"https:\/\/diariorepublica.com.ar\/web\/index.php\/wp-json\/wp\/v2\/comments?post=10608"}],"version-history":[{"count":1,"href":"https:\/\/diariorepublica.com.ar\/web\/index.php\/wp-json\/wp\/v2\/posts\/10608\/revisions"}],"predecessor-version":[{"id":10610,"href":"https:\/\/diariorepublica.com.ar\/web\/index.php\/wp-json\/wp\/v2\/posts\/10608\/revisions\/10610"}],"wp:featuredmedia":[{"embeddable":true,"href":"https:\/\/diariorepublica.com.ar\/web\/index.php\/wp-json\/wp\/v2\/media\/10609"}],"wp:attachment":[{"href":"https:\/\/diariorepublica.com.ar\/web\/index.php\/wp-json\/wp\/v2\/media?parent=10608"}],"wp:term":[{"taxonomy":"category","embeddable":true,"href":"https:\/\/diariorepublica.com.ar\/web\/index.php\/wp-json\/wp\/v2\/categories?post=10608"},{"taxonomy":"post_tag","embeddable":true,"href":"https:\/\/diariorepublica.com.ar\/web\/index.php\/wp-json\/wp\/v2\/tags?post=10608"}],"curies":[{"name":"wp","href":"https:\/\/api.w.org\/{rel}","templated":true}]}}