{"id":10611,"date":"2023-12-15T06:50:07","date_gmt":"2023-12-15T09:50:07","guid":{"rendered":"https:\/\/diariorepublica.com.ar\/web\/?p=10611"},"modified":"2023-12-15T06:50:09","modified_gmt":"2023-12-15T09:50:09","slug":"la-coparticipacion-disminuyo","status":"publish","type":"post","link":"https:\/\/diariorepublica.com.ar\/web\/index.php\/politica\/2023\/12\/15\/la-coparticipacion-disminuyo\/","title":{"rendered":"\u201cLa coparticipaci\u00f3n disminuy\u00f3\u201d"},"content":{"rendered":"<p>El vicegobernador afirm\u00f3 que ante la complicada situaci\u00f3n financiera del pa\u00eds, los problemas en la provincia \u201chay que ir resolviendo con lo que tenemos\u201d.<\/p>\n<p>Dusso indic\u00f3 que en la reuni\u00f3n de los representantes de los 3 Poderes, la ministra de Hacienda indic\u00f3 que la coparticipaci\u00f3n \u201cha disminuido notablemente\u201d pero afirm\u00f3 que \u201chay que ver c\u00f3mo sigue a la par de la inflaci\u00f3n porque en t\u00e9rminos nominales puede que se reciba lo mismo pero el ministro de Hacienda de la Naci\u00f3n adelant\u00f3 que podemos tener un 7% de inflaci\u00f3n semanal por lo que hay que estar atentos\u201d.<\/p>\n<p>\u201cLa coparticipaci\u00f3n tienen que ver con la actividad econ\u00f3mica si la actividad econ\u00f3mica disminuye, disminuye la coparticipaci\u00f3n\u201d, indic\u00f3 Dusso a lo que a\u00f1adi\u00f3 que \u201clas cosas en las que el Estado estaba presente, ahora no va a poder estar tan presente como estaba antes porque hubo una reducci\u00f3n de recursos. Entonces hay que ver c\u00f3mo se redistribuyen los recursos para que los m\u00e1s vulnerables no se vean tan afectados\u201d.<\/p>\n<p>Finalmente, Dusso indic\u00f3 que la Provincia pidi\u00f3 una reuni\u00f3n con funcionarios nacionales y el gobernador Ra\u00fal Jalil \u201cest\u00e1 en agenda para reunirse con el ministro del Interior, Guillermo Francos\u201d.<\/p>\n","protected":false},"excerpt":{"rendered":"<p>El vicegobernador afirm\u00f3 que ante la complicada situaci\u00f3n financiera del pa\u00eds, los problemas en la provincia \u201chay que ir resolviendo<\/p>\n","protected":false},"author":2,"featured_media":10612,"comment_status":"closed","ping_status":"closed","sticky":false,"template":"","format":"standard","meta":{"footnotes":"","jetpack_publicize_message":"","jetpack_publicize_feature_enabled":true,"jetpack_social_post_already_shared":true,"jetpack_social_options":{"image_generator_settings":{"template":"highway","enabled":false},"version":2}},"categories":[12],"tags":[],"class_list":["post-10611","post","type-post","status-publish","format-standard","has-post-thumbnail","hentry","category-politica"],"jetpack_publicize_connections":[],"_links":{"self":[{"href":"https:\/\/diariorepublica.com.ar\/web\/index.php\/wp-json\/wp\/v2\/posts\/10611"}],"collection":[{"href":"https:\/\/diariorepublica.com.ar\/web\/index.php\/wp-json\/wp\/v2\/posts"}],"about":[{"href":"https:\/\/diariorepublica.com.ar\/web\/index.php\/wp-json\/wp\/v2\/types\/post"}],"author":[{"embeddable":true,"href":"https:\/\/diariorepublica.com.ar\/web\/index.php\/wp-json\/wp\/v2\/users\/2"}],"replies":[{"embeddable":true,"href":"https:\/\/diariorepublica.com.ar\/web\/index.php\/wp-json\/wp\/v2\/comments?post=10611"}],"version-history":[{"count":1,"href":"https:\/\/diariorepublica.com.ar\/web\/index.php\/wp-json\/wp\/v2\/posts\/10611\/revisions"}],"predecessor-version":[{"id":10613,"href":"https:\/\/diariorepublica.com.ar\/web\/index.php\/wp-json\/wp\/v2\/posts\/10611\/revisions\/10613"}],"wp:featuredmedia":[{"embeddable":true,"href":"https:\/\/diariorepublica.com.ar\/web\/index.php\/wp-json\/wp\/v2\/media\/10612"}],"wp:attachment":[{"href":"https:\/\/diariorepublica.com.ar\/web\/index.php\/wp-json\/wp\/v2\/media?parent=10611"}],"wp:term":[{"taxonomy":"category","embeddable":true,"href":"https:\/\/diariorepublica.com.ar\/web\/index.php\/wp-json\/wp\/v2\/categories?post=10611"},{"taxonomy":"post_tag","embeddable":true,"href":"https:\/\/diariorepublica.com.ar\/web\/index.php\/wp-json\/wp\/v2\/tags?post=10611"}],"curies":[{"name":"wp","href":"https:\/\/api.w.org\/{rel}","templated":true}]}}