{"id":10614,"date":"2023-12-15T07:00:00","date_gmt":"2023-12-15T10:00:00","guid":{"rendered":"https:\/\/diariorepublica.com.ar\/web\/?p=10614"},"modified":"2023-12-15T07:00:02","modified_gmt":"2023-12-15T10:00:02","slug":"dos-mujeres-administraran-aguas-de-catamarca","status":"publish","type":"post","link":"https:\/\/diariorepublica.com.ar\/web\/index.php\/locales\/2023\/12\/15\/dos-mujeres-administraran-aguas-de-catamarca\/","title":{"rendered":"Dos mujeres administrar\u00e1n Aguas de Catamarca"},"content":{"rendered":"<p>El ministro de Agua, Energ\u00eda y Medio Ambiente, Eduardo Niederle y a su vez presidente del Aguas de Catamarca y con el firme prop\u00f3sito de mejorar y fortalecer la gesti\u00f3n de los servicios esenciales de agua en la provincia, puso en funciones a las nuevas autoridades de la empresa.<\/p>\n<p>En primer lugar, fue la Contadora P\u00fablica Nacional Roxana Karina Mas, quien ocupar\u00e1 la vicepresidencia mientras la Gerencia General estar\u00e1 a cargo de arquitecta Ivana Mar\u00eda Varas. Cabe se\u00f1alar que ambas profesionales pertenecen al equipo de trabajo del actual ministro de Agua, Energ\u00eda y Medio Ambiente y ven\u00edan cumpliendo funciones en la anterior gesti\u00f3n de Niederle donde se destacaron por su capacidad y profesionalismo.<\/p>\n<p>Esta nueva etapa marca un cambio significativo en la estructura de Aguas de Catamarca SAPEM ya que es la primera vez que dos mujeres asume tan importante rol en la empresa. Por otra parte, en la direcci\u00f3n obrera, continuar\u00e1 Rub\u00e9n Marcelo Rivero, asegurando la continuidad y la experiencia en el equipo.<\/p>\n<p>Autoridades aguas de Catamarca<br \/>\nEl compromiso de estas nuevas autoridades es avanzar hacia una gesti\u00f3n eficiente y de calidad, manteniendo el enfoque en la prestaci\u00f3n esencial de servicios de agua para la comunidad de Catamarca.<\/p>\n<p>Esta transformaci\u00f3n refleja un compromiso firme con el bienestar de los usuarios y la mejora constante de los est\u00e1ndares de calidad en la prestaci\u00f3n del servicio. Cabe recordar que Aguas de Catamarca, constituida mediante el Decreto Acuerdo N\u00ba 472\/08, se ha dedicado desde el 1\u00b0 de abril de 2008 a garantizar la prestaci\u00f3n esencial de agua en condiciones equitativas para todos los usuarios.<\/p>\n<p>La empresa sigue trabajando con el objetivo de establecer pol\u00edticas de gesti\u00f3n y soluciones tecnol\u00f3gicas adaptadas a las necesidades espec\u00edficas, buscando alcanzar altos est\u00e1ndares de calidad y universalidad en la prestaci\u00f3n del servicio para el beneficio de toda la comunidad.<\/p>\n","protected":false},"excerpt":{"rendered":"<p>El ministro de Agua, Energ\u00eda y Medio Ambiente, Eduardo Niederle y a su vez presidente del Aguas de Catamarca y<\/p>\n","protected":false},"author":2,"featured_media":10615,"comment_status":"closed","ping_status":"closed","sticky":false,"template":"","format":"standard","meta":{"footnotes":"","jetpack_publicize_message":"","jetpack_publicize_feature_enabled":true,"jetpack_social_post_already_shared":true,"jetpack_social_options":{"image_generator_settings":{"template":"highway","enabled":false},"version":2}},"categories":[2],"tags":[],"class_list":["post-10614","post","type-post","status-publish","format-standard","has-post-thumbnail","hentry","category-locales"],"jetpack_publicize_connections":[],"_links":{"self":[{"href":"https:\/\/diariorepublica.com.ar\/web\/index.php\/wp-json\/wp\/v2\/posts\/10614"}],"collection":[{"href":"https:\/\/diariorepublica.com.ar\/web\/index.php\/wp-json\/wp\/v2\/posts"}],"about":[{"href":"https:\/\/diariorepublica.com.ar\/web\/index.php\/wp-json\/wp\/v2\/types\/post"}],"author":[{"embeddable":true,"href":"https:\/\/diariorepublica.com.ar\/web\/index.php\/wp-json\/wp\/v2\/users\/2"}],"replies":[{"embeddable":true,"href":"https:\/\/diariorepublica.com.ar\/web\/index.php\/wp-json\/wp\/v2\/comments?post=10614"}],"version-history":[{"count":1,"href":"https:\/\/diariorepublica.com.ar\/web\/index.php\/wp-json\/wp\/v2\/posts\/10614\/revisions"}],"predecessor-version":[{"id":10616,"href":"https:\/\/diariorepublica.com.ar\/web\/index.php\/wp-json\/wp\/v2\/posts\/10614\/revisions\/10616"}],"wp:featuredmedia":[{"embeddable":true,"href":"https:\/\/diariorepublica.com.ar\/web\/index.php\/wp-json\/wp\/v2\/media\/10615"}],"wp:attachment":[{"href":"https:\/\/diariorepublica.com.ar\/web\/index.php\/wp-json\/wp\/v2\/media?parent=10614"}],"wp:term":[{"taxonomy":"category","embeddable":true,"href":"https:\/\/diariorepublica.com.ar\/web\/index.php\/wp-json\/wp\/v2\/categories?post=10614"},{"taxonomy":"post_tag","embeddable":true,"href":"https:\/\/diariorepublica.com.ar\/web\/index.php\/wp-json\/wp\/v2\/tags?post=10614"}],"curies":[{"name":"wp","href":"https:\/\/api.w.org\/{rel}","templated":true}]}}