{"id":10617,"date":"2023-12-15T07:02:59","date_gmt":"2023-12-15T10:02:59","guid":{"rendered":"https:\/\/diariorepublica.com.ar\/web\/?p=10617"},"modified":"2023-12-15T07:03:03","modified_gmt":"2023-12-15T10:03:03","slug":"estamos-siendo-cautelosos-y-tratamos-de-optimizar-recursos","status":"publish","type":"post","link":"https:\/\/diariorepublica.com.ar\/web\/index.php\/politica\/2023\/12\/15\/estamos-siendo-cautelosos-y-tratamos-de-optimizar-recursos\/","title":{"rendered":"\u00abEstamos siendo cautelosos y tratamos de optimizar recursos\u00bb"},"content":{"rendered":"<p>Fernando Monguillot, secretario de Gobierno de la Municipalidad de Capital, destac\u00f3 el rol fundamental de las municipalidades como el primer punto de contacto con los ciudadanos y c\u00f3mo ampliaron sus competencias hacia el desarrollo econ\u00f3mico, la educaci\u00f3n y la cuesti\u00f3n social.<br \/>\nMonguillot, resalt\u00f3 la importancia de mantener canales de comunicaci\u00f3n eficientes con los vecinos, como el sistema de atenci\u00f3n al vecino, que tuvo un balance positivo. El secretario de Gobierno resalt\u00f3 la relevancia del mantenimiento de la ciudad y la optimizaci\u00f3n de los recursos en tiempos econ\u00f3micos desafiantes. \u00abEstamos enfocados en el mantenimiento de la ciudad, en las obras m\u00e1s postergadas, y en las esenciales para nuestros vecinos\u00bb, dijo. Adem\u00e1s, hizo hincapi\u00e9 en el presupuesto participativo, anunciando la asignaci\u00f3n de 600 millones de pesos para obras solicitadas por los vecinos en el a\u00f1o 2024. En relaci\u00f3n con los problemas financieros, Monguillot asegur\u00f3 que, por el momento, no enfrentan dificultades. \u00abHemos tenido una administraci\u00f3n saludable y equilibrada\u00bb, afirm\u00f3. Tambi\u00e9n destac\u00f3 que los salarios de los trabajadores municipales estuvieron por encima de la inflaci\u00f3n.<\/p>\n<p>En cuanto a cambios en la administraci\u00f3n, Monguillot coment\u00f3 sobre la transici\u00f3n en el equipo de gobierno y la importancia de tener diferentes perspectivas en las negociaciones, asegurando que se mantiene un equipo profesional respaldado por una administraci\u00f3n sana.En relaci\u00f3n con la eliminaci\u00f3n de la precarizaci\u00f3n laboral, detall\u00f3 el proceso de incorporaci\u00f3n de trabajadores a planta permanente, destacando el cumplimiento de la ordenanza que establece el paso autom\u00e1tico despu\u00e9s de 10 a\u00f1os de servicio. \u00abQueremos garantizar estabilidad laboral y eliminar la incertidumbre para nuestros empleados\u00bb, asegur\u00f3.<\/p>\n<p>En referencia al panorama econ\u00f3mico nacional y las recientes medidas gubernamentales, expres\u00f3 su preocupaci\u00f3n por el impacto en la microeconom\u00eda y la necesidad de cuidar el equilibrio entre macro y microeconom\u00eda. Afirm\u00f3 que es esencial cuidar los peque\u00f1os comercios y la mediana empresa para mantener un c\u00edrculo virtuoso de recaudaci\u00f3n.<\/p>\n<p>Finalmente, sobre la posible reducci\u00f3n de funcionarios y la optimizaci\u00f3n de recursos, Monguillot se\u00f1al\u00f3 que est\u00e1n revisando las estructuras internas para mejorar la eficiencia administrativa. \u00abEstamos siendo cautelosos y tratamos de optimizar recursos para enfrentar los desaf\u00edos actuales\u00bb, concluy\u00f3 el secretario de Gobierno.<\/p>\n","protected":false},"excerpt":{"rendered":"<p>Fernando Monguillot, secretario de Gobierno de la Municipalidad de Capital, destac\u00f3 el rol fundamental de las municipalidades como el primer<\/p>\n","protected":false},"author":2,"featured_media":10618,"comment_status":"closed","ping_status":"closed","sticky":false,"template":"","format":"standard","meta":{"footnotes":"","jetpack_publicize_message":"","jetpack_publicize_feature_enabled":true,"jetpack_social_post_already_shared":true,"jetpack_social_options":{"image_generator_settings":{"template":"highway","enabled":false},"version":2}},"categories":[12],"tags":[],"class_list":["post-10617","post","type-post","status-publish","format-standard","has-post-thumbnail","hentry","category-politica"],"jetpack_publicize_connections":[],"_links":{"self":[{"href":"https:\/\/diariorepublica.com.ar\/web\/index.php\/wp-json\/wp\/v2\/posts\/10617"}],"collection":[{"href":"https:\/\/diariorepublica.com.ar\/web\/index.php\/wp-json\/wp\/v2\/posts"}],"about":[{"href":"https:\/\/diariorepublica.com.ar\/web\/index.php\/wp-json\/wp\/v2\/types\/post"}],"author":[{"embeddable":true,"href":"https:\/\/diariorepublica.com.ar\/web\/index.php\/wp-json\/wp\/v2\/users\/2"}],"replies":[{"embeddable":true,"href":"https:\/\/diariorepublica.com.ar\/web\/index.php\/wp-json\/wp\/v2\/comments?post=10617"}],"version-history":[{"count":1,"href":"https:\/\/diariorepublica.com.ar\/web\/index.php\/wp-json\/wp\/v2\/posts\/10617\/revisions"}],"predecessor-version":[{"id":10619,"href":"https:\/\/diariorepublica.com.ar\/web\/index.php\/wp-json\/wp\/v2\/posts\/10617\/revisions\/10619"}],"wp:featuredmedia":[{"embeddable":true,"href":"https:\/\/diariorepublica.com.ar\/web\/index.php\/wp-json\/wp\/v2\/media\/10618"}],"wp:attachment":[{"href":"https:\/\/diariorepublica.com.ar\/web\/index.php\/wp-json\/wp\/v2\/media?parent=10617"}],"wp:term":[{"taxonomy":"category","embeddable":true,"href":"https:\/\/diariorepublica.com.ar\/web\/index.php\/wp-json\/wp\/v2\/categories?post=10617"},{"taxonomy":"post_tag","embeddable":true,"href":"https:\/\/diariorepublica.com.ar\/web\/index.php\/wp-json\/wp\/v2\/tags?post=10617"}],"curies":[{"name":"wp","href":"https:\/\/api.w.org\/{rel}","templated":true}]}}