{"id":10620,"date":"2023-12-15T07:07:59","date_gmt":"2023-12-15T10:07:59","guid":{"rendered":"https:\/\/diariorepublica.com.ar\/web\/?p=10620"},"modified":"2023-12-15T07:08:01","modified_gmt":"2023-12-15T10:08:01","slug":"el-poder-judicial-se-sumara-a-las-medidas-de-austeridad-pero-no-declinara-sus-reclamos","status":"publish","type":"post","link":"https:\/\/diariorepublica.com.ar\/web\/index.php\/politica\/2023\/12\/15\/el-poder-judicial-se-sumara-a-las-medidas-de-austeridad-pero-no-declinara-sus-reclamos\/","title":{"rendered":"\u00abEl Poder Judicial se sumar\u00e1 a las medidas de austeridad, pero no declinar\u00e1 sus reclamos\u00bb"},"content":{"rendered":"<p>La presidenta de la Corte de Justicia, Fernanda Rosales, estuvo en la reuni\u00f3n con los otros poderes del Estado para analizar la situaci\u00f3n econ\u00f3mica del pa\u00eds y la provincia. En este sentido, indic\u00f3 que el Poder Judicial se sumar\u00e1 a las medidas de austeridad, pero no declinar\u00e1 su reclamo por el presupuesto. \u201cArmar una mesa de trabajo para ir analizando c\u00f3mo va ir evolucionado la situaci\u00f3n para tomar las mejores medidas para que la crisis no llegue a los trabajadores y a los m\u00e1s desprotegidos del sistema\u201d.<\/p>\n<p>La magistrada destac\u00f3 que en el encuentro se habl\u00f3 de tomar \u201cmedidas de austeridad en los distintos poderes del Estado y que se van a seguir conversando en base al impacto de las medidas econ\u00f3micas nacionales\u201d.<\/p>\n<p>M\u00e1s adelante, dej\u00f3 en claro que el conflicto con el Ejecutivo por el recorte presupuestario es otro tema. \u201cEste encuentro fue para analizar las medidas que vamos a tomar hacia al 2024 en atenci\u00f3n a las decisiones econ\u00f3micas tomadas por nacional y la crisis econ\u00f3mica y social que estamos viviendo\u201d, dijo.<\/p>\n<p>\u201cM\u00e1s all\u00e1 de los acuerdos y los desacuerdos que podemos tener lo importe es dialogar. Eso no quiere decir que estemos de acuerdo con los recortes, sino de que vamos a afrontar la situaci\u00f3n de la mejor manera posible\u201d<\/p>\n","protected":false},"excerpt":{"rendered":"<p>La presidenta de la Corte de Justicia, Fernanda Rosales, estuvo en la reuni\u00f3n con los otros poderes del Estado para<\/p>\n","protected":false},"author":2,"featured_media":10621,"comment_status":"closed","ping_status":"closed","sticky":false,"template":"","format":"standard","meta":{"footnotes":"","jetpack_publicize_message":"","jetpack_publicize_feature_enabled":true,"jetpack_social_post_already_shared":true,"jetpack_social_options":{"image_generator_settings":{"template":"highway","enabled":false},"version":2}},"categories":[12],"tags":[],"class_list":["post-10620","post","type-post","status-publish","format-standard","has-post-thumbnail","hentry","category-politica"],"jetpack_publicize_connections":[],"_links":{"self":[{"href":"https:\/\/diariorepublica.com.ar\/web\/index.php\/wp-json\/wp\/v2\/posts\/10620"}],"collection":[{"href":"https:\/\/diariorepublica.com.ar\/web\/index.php\/wp-json\/wp\/v2\/posts"}],"about":[{"href":"https:\/\/diariorepublica.com.ar\/web\/index.php\/wp-json\/wp\/v2\/types\/post"}],"author":[{"embeddable":true,"href":"https:\/\/diariorepublica.com.ar\/web\/index.php\/wp-json\/wp\/v2\/users\/2"}],"replies":[{"embeddable":true,"href":"https:\/\/diariorepublica.com.ar\/web\/index.php\/wp-json\/wp\/v2\/comments?post=10620"}],"version-history":[{"count":1,"href":"https:\/\/diariorepublica.com.ar\/web\/index.php\/wp-json\/wp\/v2\/posts\/10620\/revisions"}],"predecessor-version":[{"id":10622,"href":"https:\/\/diariorepublica.com.ar\/web\/index.php\/wp-json\/wp\/v2\/posts\/10620\/revisions\/10622"}],"wp:featuredmedia":[{"embeddable":true,"href":"https:\/\/diariorepublica.com.ar\/web\/index.php\/wp-json\/wp\/v2\/media\/10621"}],"wp:attachment":[{"href":"https:\/\/diariorepublica.com.ar\/web\/index.php\/wp-json\/wp\/v2\/media?parent=10620"}],"wp:term":[{"taxonomy":"category","embeddable":true,"href":"https:\/\/diariorepublica.com.ar\/web\/index.php\/wp-json\/wp\/v2\/categories?post=10620"},{"taxonomy":"post_tag","embeddable":true,"href":"https:\/\/diariorepublica.com.ar\/web\/index.php\/wp-json\/wp\/v2\/tags?post=10620"}],"curies":[{"name":"wp","href":"https:\/\/api.w.org\/{rel}","templated":true}]}}