{"id":10623,"date":"2023-12-15T07:16:21","date_gmt":"2023-12-15T10:16:21","guid":{"rendered":"https:\/\/diariorepublica.com.ar\/web\/?p=10623"},"modified":"2023-12-15T07:16:23","modified_gmt":"2023-12-15T10:16:23","slug":"cd-de-la-ciudad-aprobo-la-impositiva-2024","status":"publish","type":"post","link":"https:\/\/diariorepublica.com.ar\/web\/index.php\/politica\/2023\/12\/15\/cd-de-la-ciudad-aprobo-la-impositiva-2024\/","title":{"rendered":"CD de la Ciudad aprob\u00f3 la Impositiva 2024"},"content":{"rendered":"<p>El Concejo Deliberante de la Capital aprob\u00f3 la ordenanza impositiva que estar\u00e1 vigente el pr\u00f3ximo a\u00f1o. Los concejales de la oposici\u00f3n Fernando Navarro, Gilda Godoy y Carlos Alvarez votaron en contra.<\/p>\n<p>El concejal Juan Pablo Dusso defendi\u00f3 el proyecto que envi\u00f3 el intendente de la Capital, Gustavo Saadi. \u00abLas tasas prev\u00e9n una retribuci\u00f3n por los servicios urbanos que realiza el municipio. La ordenanza plantea una actualizaci\u00f3n del 150%, pero en t\u00e9rminos reales significa una disminuci\u00f3n de las tasas\u00bb, dijo.<\/p>\n<p>\u00abYa tenemos una inflaci\u00f3n acumulada hasta noviembre del 160% y en diciembre se habla de una inflaci\u00f3n del 20% con lo cual vamos a cerrar el a\u00f1o con una cifra inflacionaria del 180%\u00bb, fundament\u00f3.<\/p>\n<p>\u00abSi seguimos depreciando la recaudaci\u00f3n es atentar contra la justicia social\u00bb, a\u00f1adi\u00f3 Dusso al ejemplificar que el impuesto inmobiliario, por ejemplo, cierra con un porcentaje de incremento menor a la inflaci\u00f3n..<\/p>\n<p>El concejal Fernando Navarro junto a Gilda Godoy cuestionaron los aumentos previstos por el Ejecutivo municipal.<\/p>\n<p>\u00abLos aumentos de las tasas urbanas tienen un aumento del 150%, la tasa de Cementario es un 150%, para obtener el carnet de conductor, tambi\u00e9n. Mi planteo es de d\u00f3nde sale el 150%. Lo que yo expres\u00e9 es que mandan un presupuesto en el que se estima una inflaci\u00f3n 86%, hacen un presupuesto por el 86% y el aumento de los haberes para los empleados ser\u00e1 del 69%. Entonces se aumentan los haberes en un 69%, prev\u00e9n que la inflaci\u00f3n ser\u00e1 del 86%, pero aumentan las tasas un 150%\u00bb, afirm\u00f3.<\/p>\n<p>\u00abAlgo no cierra , la propuesta que realizamos en el recinto fue realizar un aumento hasta julio. Veamos la pauta inflacionaria, no lo salgamos a reventar al vecino calculando una inflaci\u00f3n a diciembre de 2024 porque est\u00e1n metiendo un aumento antes de que suceda. Hagamos un aumento (de las tasas) condicionado hasta julio del 50% y desp\u00faes veamos si reajustamos\u00bb, expreso Navarro<\/p>\n<p>\u00a0<\/p>\n<p>Seg\u00fan coment\u00f3 la propuesta ya hab\u00eda sido rechazada en la Comisi\u00f3n de Hacienda al argumentar que no se puede efectuar de esa manera. Sin embargo, se\u00f1al\u00f3 que otros municipios de provincias como C\u00f3rdoba aplic\u00f3 esa mec\u00e1nica.<\/p>\n<p>\u00abEjecutivo dice que por recursos propios van a tener un 70% m\u00e1s de recaudaci\u00f3n , pero est\u00e1n aumentando un 150%. El municipio subestima porque le va a ingresar m\u00e1s plata en realidad y eso son recursos de libre disponibilidad de los que no se informa cu\u00e1l es el destino\u00bb, manifest\u00f3.<\/p>\n<p>En los pr\u00f3ximos d\u00edas se tratar\u00e1 el presupuesto para el a\u00f1o pr\u00f3ximo.<\/p>\n","protected":false},"excerpt":{"rendered":"<p>El Concejo Deliberante de la Capital aprob\u00f3 la ordenanza impositiva que estar\u00e1 vigente el pr\u00f3ximo a\u00f1o. Los concejales de la<\/p>\n","protected":false},"author":2,"featured_media":10624,"comment_status":"closed","ping_status":"closed","sticky":false,"template":"","format":"standard","meta":{"footnotes":"","jetpack_publicize_message":"","jetpack_publicize_feature_enabled":true,"jetpack_social_post_already_shared":true,"jetpack_social_options":{"image_generator_settings":{"template":"highway","enabled":false},"version":2}},"categories":[12],"tags":[],"class_list":["post-10623","post","type-post","status-publish","format-standard","has-post-thumbnail","hentry","category-politica"],"jetpack_publicize_connections":[],"_links":{"self":[{"href":"https:\/\/diariorepublica.com.ar\/web\/index.php\/wp-json\/wp\/v2\/posts\/10623"}],"collection":[{"href":"https:\/\/diariorepublica.com.ar\/web\/index.php\/wp-json\/wp\/v2\/posts"}],"about":[{"href":"https:\/\/diariorepublica.com.ar\/web\/index.php\/wp-json\/wp\/v2\/types\/post"}],"author":[{"embeddable":true,"href":"https:\/\/diariorepublica.com.ar\/web\/index.php\/wp-json\/wp\/v2\/users\/2"}],"replies":[{"embeddable":true,"href":"https:\/\/diariorepublica.com.ar\/web\/index.php\/wp-json\/wp\/v2\/comments?post=10623"}],"version-history":[{"count":1,"href":"https:\/\/diariorepublica.com.ar\/web\/index.php\/wp-json\/wp\/v2\/posts\/10623\/revisions"}],"predecessor-version":[{"id":10625,"href":"https:\/\/diariorepublica.com.ar\/web\/index.php\/wp-json\/wp\/v2\/posts\/10623\/revisions\/10625"}],"wp:featuredmedia":[{"embeddable":true,"href":"https:\/\/diariorepublica.com.ar\/web\/index.php\/wp-json\/wp\/v2\/media\/10624"}],"wp:attachment":[{"href":"https:\/\/diariorepublica.com.ar\/web\/index.php\/wp-json\/wp\/v2\/media?parent=10623"}],"wp:term":[{"taxonomy":"category","embeddable":true,"href":"https:\/\/diariorepublica.com.ar\/web\/index.php\/wp-json\/wp\/v2\/categories?post=10623"},{"taxonomy":"post_tag","embeddable":true,"href":"https:\/\/diariorepublica.com.ar\/web\/index.php\/wp-json\/wp\/v2\/tags?post=10623"}],"curies":[{"name":"wp","href":"https:\/\/api.w.org\/{rel}","templated":true}]}}