{"id":10651,"date":"2023-12-15T11:31:00","date_gmt":"2023-12-15T14:31:00","guid":{"rendered":"https:\/\/diariorepublica.com.ar\/web\/?p=10651"},"modified":"2023-12-15T17:32:54","modified_gmt":"2023-12-15T20:32:54","slug":"venta-de-aviones-de-ypf-y-planes-sociales-sin-intermediarios-mas-medidas-del-gobierno","status":"publish","type":"post","link":"https:\/\/diariorepublica.com.ar\/web\/index.php\/nacionales\/2023\/12\/15\/venta-de-aviones-de-ypf-y-planes-sociales-sin-intermediarios-mas-medidas-del-gobierno\/","title":{"rendered":"Venta de aviones de YPF y planes sociales sin intermediarios, m\u00e1s medidas del Gobierno"},"content":{"rendered":"<article class=\"article-body article-body--first-paragraph content-protected-false\" data-td-script-src=\"https:\/\/www.ambito.com\/td\/modulos\/encuestas\/js\/function-embeds-min-version-1702613268.js\">El vocero presidencial,\u00a0<strong>Manuel Adorni,\u00a0<\/strong>adelant\u00f3 nuevos medidas de ajuste fiscal del nuevo Gobierno. Adelant\u00f3 que se vender\u00e1n dos aviones de YPF<strong>\u00a0\u00abque eran usados por la pol\u00edtica\u00bb<\/strong>\u00a0y aclar\u00f3 que se congelan los planes sociales que\u00a0<strong>requieran intermediarios.<\/strong><\/p>\n<\/article>\n<article class=\"article-body article-body--second-paragraph content-protected-false\">Tambi\u00e9n adelant\u00f3 que se reducir\u00e1n a la mitad los choferes de funcionarios y revel\u00f3 que en la\u00a0<strong>Quinta de Olivos<\/strong>\u00a0hay cuadros que pagan un seguro de u$s 2 millones, el cual se dar\u00e1 de baja. Sobre este \u00faltimo punto, la anterior portavoz, Gabriela Cerruto, dijo que Adorni \u00abconfundi\u00f3 una cifra en pesos con la misma en d\u00f3lares\u00bb. \u00abEl seguro de las obras de arte que se debe pagar en la\u00a0<strong>residencia de Olivos<\/strong>\u00a0como en cualquier otro museo o lugar de resguardo fue de dos millones setecientos mil PESOS ANUAL y ya fue pagado este a\u00f1o\u00bb, aclar\u00f3 la exfuncionaria.<\/p>\n<article class=\"article-body article-body--third-paragraph content-protected-false\">En otro orden, el vocero afirm\u00f3 hoy que desde el Gobierno est\u00e1n \u00ababsolutamente conformes de c\u00f3mo viene evolucionando el mercado\u00bb tras las medidas econ\u00f3micas anunciadas esta semana.<\/p>\n<\/article>\n<article class=\"article-body article-body--fourth-paragraph content-protected-false\">En conferencia de prensa en Casa de Gobierno, el Portavoz dijo que en la reuni\u00f3n de Gabinete, el presidente Javier Milei expres\u00f3 su \u00abrespaldo\u00bb al anuncio del protocolo para evitar los cortes de calles anunciado ayer por la ministra de Seguridad, Patricia Bullrich, y tambi\u00e9n transmiti\u00f3 \u00absu absoluto respaldo\u00bb al titular de la cartera econ\u00f3mica, Luis Caputo.<\/p>\n<\/article>\n<article class=\"article-body article-body--remaining-paragraph content-protected-false\">El Gobierno est\u00e1 \u00ababsolutamente conforme\u00bb con la reacci\u00f3n del mercado luego del anuncio del paquete de medidas econ\u00f3micas por parte del ministro Luis Caputo, asegur\u00f3 hoy el vocero presidencial, Manuel Adorni.<\/p>\n<h6 id=\"titulo_cable\">El Gobierno est\u00e1 \u00ababsolutamente conforme\u00bb con la reacci\u00f3n del mercado, asegur\u00f3 Adorni<\/h6>\n<p>En otro tramo de la conferencia Adorni destac\u00f3 que \u00abla brecha (entre el d\u00f3lar oficial y los financieros) se achic\u00f3 al 25% y con el d\u00f3lar importador pr\u00e1cticamente desapareci\u00f3\u00bb, luego de que el martes se resolviera subir la cotizaci\u00f3n a $ 800.<\/p>\n<p>El Portavoz puso de relieve las compras realizadas ayer por el Banco Central de \u00abcerca de US$ 270 millones\u00bb (la autoridad monetaria inform\u00f3 que fueron US$ 236 millones) y remarc\u00f3 que el cambio de tendencia luego de varias jornadas con saldo vendedor est\u00e1 \u00aben l\u00ednea con el resultado\u00bb buscado por el gobierno<\/p>\n<p>En ese sentido, reiter\u00f3 que \u00abprobablemente la semana que viene\u00bb se comience a \u00abdelinear los primeros trazos de las reformas estructurales\u00bb, luego de las medidas de emergencia tomadas en los primeros d\u00edas de la gesti\u00f3n del presidente Javier Milei.<\/p>\n<p>Adorni explic\u00f3 que esas medidas de emergencia son \u00abde cort\u00edsimo plazo\u00bb y que fueron tomadas \u00abpara evitar la hiperinflaci\u00f3n\u00bb, y de inmediato advirti\u00f3 que \u00abya estamos transitando\u00bb por ese fen\u00f3meno.<\/p>\n<p>\u00abHablar de 15.000% de inflaci\u00f3n es aterrador para todos\u00bb, dijo, citando el porcentaje mencionado por Milei en su discurso del 10 de diciembre, adem\u00e1s de sostener que \u00abes bueno entender que hoy la inflaci\u00f3n corre en torno al 3.678% anual\u00bb, n\u00famero que resulta de acumular el 1% de incremento diario que se\u00f1al\u00f3 Caputo.<\/p>\n<p>Fuente: ambito.com<\/p>\n<\/article>\n<\/article>\n","protected":false},"excerpt":{"rendered":"<p>El vocero presidencial,\u00a0Manuel Adorni,\u00a0adelant\u00f3 nuevos medidas de ajuste fiscal del nuevo Gobierno. Adelant\u00f3 que se vender\u00e1n dos aviones de YPF\u00a0\u00abque<\/p>\n","protected":false},"author":1,"featured_media":10652,"comment_status":"closed","ping_status":"closed","sticky":false,"template":"","format":"standard","meta":{"footnotes":"","jetpack_publicize_message":"","jetpack_publicize_feature_enabled":true,"jetpack_social_post_already_shared":true,"jetpack_social_options":{"image_generator_settings":{"template":"highway","enabled":false},"version":2}},"categories":[4],"tags":[],"class_list":["post-10651","post","type-post","status-publish","format-standard","has-post-thumbnail","hentry","category-nacionales"],"jetpack_publicize_connections":[],"_links":{"self":[{"href":"https:\/\/diariorepublica.com.ar\/web\/index.php\/wp-json\/wp\/v2\/posts\/10651"}],"collection":[{"href":"https:\/\/diariorepublica.com.ar\/web\/index.php\/wp-json\/wp\/v2\/posts"}],"about":[{"href":"https:\/\/diariorepublica.com.ar\/web\/index.php\/wp-json\/wp\/v2\/types\/post"}],"author":[{"embeddable":true,"href":"https:\/\/diariorepublica.com.ar\/web\/index.php\/wp-json\/wp\/v2\/users\/1"}],"replies":[{"embeddable":true,"href":"https:\/\/diariorepublica.com.ar\/web\/index.php\/wp-json\/wp\/v2\/comments?post=10651"}],"version-history":[{"count":1,"href":"https:\/\/diariorepublica.com.ar\/web\/index.php\/wp-json\/wp\/v2\/posts\/10651\/revisions"}],"predecessor-version":[{"id":10653,"href":"https:\/\/diariorepublica.com.ar\/web\/index.php\/wp-json\/wp\/v2\/posts\/10651\/revisions\/10653"}],"wp:featuredmedia":[{"embeddable":true,"href":"https:\/\/diariorepublica.com.ar\/web\/index.php\/wp-json\/wp\/v2\/media\/10652"}],"wp:attachment":[{"href":"https:\/\/diariorepublica.com.ar\/web\/index.php\/wp-json\/wp\/v2\/media?parent=10651"}],"wp:term":[{"taxonomy":"category","embeddable":true,"href":"https:\/\/diariorepublica.com.ar\/web\/index.php\/wp-json\/wp\/v2\/categories?post=10651"},{"taxonomy":"post_tag","embeddable":true,"href":"https:\/\/diariorepublica.com.ar\/web\/index.php\/wp-json\/wp\/v2\/tags?post=10651"}],"curies":[{"name":"wp","href":"https:\/\/api.w.org\/{rel}","templated":true}]}}