{"id":10686,"date":"2023-12-18T09:03:51","date_gmt":"2023-12-18T12:03:51","guid":{"rendered":"https:\/\/diariorepublica.com.ar\/web\/?p=10686"},"modified":"2023-12-18T09:03:54","modified_gmt":"2023-12-18T12:03:54","slug":"danos-en-las-juntas-por-las-lluvias-y-crecida-de-rios","status":"publish","type":"post","link":"https:\/\/diariorepublica.com.ar\/web\/index.php\/locales\/2023\/12\/18\/danos-en-las-juntas-por-las-lluvias-y-crecida-de-rios\/","title":{"rendered":"Da\u00f1os en Las Juntas por las lluvias y crecida de r\u00edos"},"content":{"rendered":"<p>Las intensas lluvias y la fuerte crecida de r\u00edos ocasionaron importantes da\u00f1os en puentes, calles y otros sectores de la villa veraniega. Hoy, personal de Vialidad Provincial est\u00e1 interviniendo con maquinaria pesada para sacar todo el material que fue arrastrado por la crecida y limpiar la zona afectada<br \/>\nAdem\u00e1s de la limpieza, se har\u00e1 una evaluaci\u00f3n de los trabajos a llevar adelante para restablecer la conexi\u00f3n vial en los sectores de los puentes y badenes que fueron afectados.Tambi\u00e9n se encuentran trabajando personal de la Municipalidad de Las Juntas, Polic\u00eda de la Provincia, Defensa Civil, entre otros organismos. Durante horas de la ma\u00f1ana, el vicegobernador Rub\u00e9n Dusso, junto a los ministros de infraestructura y obras civiles, Juan Marchetti, y de seguridad, Fabiola Segura, recorrieron toda la localidad para constatar los da\u00f1os y reunieron con el intendente Jorge Herrera con el objetivo de programar la rehabilitaci\u00f3n de las condiciones normales en la zona.<\/p>\n<p>La ca\u00edda de 67 mm de agua durante 1 hora en la zona de Los Verdes provoc\u00f3 la crecida de los r\u00edos Las Trancas y Las Juntas que ocasion\u00f3 posteriormente da\u00f1os en puentes y calles. Tambi\u00e9n, por las fuertes tormentas, hubo da\u00f1os en reconocidos lugares de Las Juntas como el camping municipal y en la Plaza de los Ni\u00f1os.Desde el \u00e1rea de Seguridad de la provincia se solicita a la comunidad transitar con suma precauci\u00f3n en toda la zona afectada.<\/p>\n","protected":false},"excerpt":{"rendered":"<p>Las intensas lluvias y la fuerte crecida de r\u00edos ocasionaron importantes da\u00f1os en puentes, calles y otros sectores de la<\/p>\n","protected":false},"author":2,"featured_media":10687,"comment_status":"closed","ping_status":"closed","sticky":false,"template":"","format":"standard","meta":{"footnotes":"","jetpack_publicize_message":"","jetpack_publicize_feature_enabled":true,"jetpack_social_post_already_shared":true,"jetpack_social_options":{"image_generator_settings":{"template":"highway","enabled":false},"version":2}},"categories":[2],"tags":[],"class_list":["post-10686","post","type-post","status-publish","format-standard","has-post-thumbnail","hentry","category-locales"],"jetpack_publicize_connections":[],"_links":{"self":[{"href":"https:\/\/diariorepublica.com.ar\/web\/index.php\/wp-json\/wp\/v2\/posts\/10686"}],"collection":[{"href":"https:\/\/diariorepublica.com.ar\/web\/index.php\/wp-json\/wp\/v2\/posts"}],"about":[{"href":"https:\/\/diariorepublica.com.ar\/web\/index.php\/wp-json\/wp\/v2\/types\/post"}],"author":[{"embeddable":true,"href":"https:\/\/diariorepublica.com.ar\/web\/index.php\/wp-json\/wp\/v2\/users\/2"}],"replies":[{"embeddable":true,"href":"https:\/\/diariorepublica.com.ar\/web\/index.php\/wp-json\/wp\/v2\/comments?post=10686"}],"version-history":[{"count":1,"href":"https:\/\/diariorepublica.com.ar\/web\/index.php\/wp-json\/wp\/v2\/posts\/10686\/revisions"}],"predecessor-version":[{"id":10688,"href":"https:\/\/diariorepublica.com.ar\/web\/index.php\/wp-json\/wp\/v2\/posts\/10686\/revisions\/10688"}],"wp:featuredmedia":[{"embeddable":true,"href":"https:\/\/diariorepublica.com.ar\/web\/index.php\/wp-json\/wp\/v2\/media\/10687"}],"wp:attachment":[{"href":"https:\/\/diariorepublica.com.ar\/web\/index.php\/wp-json\/wp\/v2\/media?parent=10686"}],"wp:term":[{"taxonomy":"category","embeddable":true,"href":"https:\/\/diariorepublica.com.ar\/web\/index.php\/wp-json\/wp\/v2\/categories?post=10686"},{"taxonomy":"post_tag","embeddable":true,"href":"https:\/\/diariorepublica.com.ar\/web\/index.php\/wp-json\/wp\/v2\/tags?post=10686"}],"curies":[{"name":"wp","href":"https:\/\/api.w.org\/{rel}","templated":true}]}}