{"id":10696,"date":"2023-12-19T11:44:07","date_gmt":"2023-12-19T14:44:07","guid":{"rendered":"https:\/\/diariorepublica.com.ar\/web\/?p=10696"},"modified":"2023-12-19T11:44:09","modified_gmt":"2023-12-19T14:44:09","slug":"mesa-navidena-con-productos-del-pcpc","status":"publish","type":"post","link":"https:\/\/diariorepublica.com.ar\/web\/index.php\/sociedad\/2023\/12\/19\/mesa-navidena-con-productos-del-pcpc\/","title":{"rendered":"Mesa Navide\u00f1a con productos del PCPC"},"content":{"rendered":"<p>El Paseo de Compras de Productos Catamarca (PCPC) present\u00f3 la Mesa Navide\u00f1a que se ofrecer\u00e1 el pr\u00f3ximo viernes en una edici\u00f3n especial de la feria, y en la tradicional del d\u00eda s\u00e1bado, donde se podr\u00e1 encontrar una variada oferta de productos con precios accesibles con el objetivo de colaborar para la mejor econom\u00eda familiar.<\/p>\n<p>Entre los productos que se ofrecer\u00e1n se encuentra una amplia gama de panificaci\u00f3n que incluye los tradicionales panes dulces y galletas navide\u00f1as, con variedades veganas y sin TAC; budines, turrones, alfajores, frutas y verduras, vinos, dulces regionales y miel, entre muchos otros.<\/p>\n<p>La Mesa Navide\u00f1a fue presentada por miembros de la comisi\u00f3n del PCPC a quienes acompa\u00f1aron el ministro de Industria, Comercio y Empleo, Sebasti\u00e1n Caria, junto al secretario de Econom\u00eda del Conocimiento, Mario Guar\u00e1z.<\/p>\n<p>Esta cartera, a trav\u00e9s de las \u00e1reas de Empleo, viene acompa\u00f1ando desde 2019 al grupo de feriantes de este tradicional espacio que ya cuenta con m\u00e1s de 20 a\u00f1os, y que re\u00fane a productores y emprendedores de la Provincia.<\/p>\n<p>Los feriantes invitan a la comunidad para visitar el PCPC el pr\u00f3ximo viernes de 18 a 23, y el s\u00e1bado de 7 a 14.<\/p>\n","protected":false},"excerpt":{"rendered":"<p>El Paseo de Compras de Productos Catamarca (PCPC) present\u00f3 la Mesa Navide\u00f1a que se ofrecer\u00e1 el pr\u00f3ximo viernes en una<\/p>\n","protected":false},"author":1,"featured_media":10697,"comment_status":"closed","ping_status":"closed","sticky":false,"template":"","format":"standard","meta":{"footnotes":"","jetpack_publicize_message":"","jetpack_publicize_feature_enabled":true,"jetpack_social_post_already_shared":true,"jetpack_social_options":{"image_generator_settings":{"template":"highway","enabled":false},"version":2}},"categories":[3],"tags":[],"class_list":["post-10696","post","type-post","status-publish","format-standard","has-post-thumbnail","hentry","category-sociedad"],"jetpack_publicize_connections":[],"_links":{"self":[{"href":"https:\/\/diariorepublica.com.ar\/web\/index.php\/wp-json\/wp\/v2\/posts\/10696"}],"collection":[{"href":"https:\/\/diariorepublica.com.ar\/web\/index.php\/wp-json\/wp\/v2\/posts"}],"about":[{"href":"https:\/\/diariorepublica.com.ar\/web\/index.php\/wp-json\/wp\/v2\/types\/post"}],"author":[{"embeddable":true,"href":"https:\/\/diariorepublica.com.ar\/web\/index.php\/wp-json\/wp\/v2\/users\/1"}],"replies":[{"embeddable":true,"href":"https:\/\/diariorepublica.com.ar\/web\/index.php\/wp-json\/wp\/v2\/comments?post=10696"}],"version-history":[{"count":1,"href":"https:\/\/diariorepublica.com.ar\/web\/index.php\/wp-json\/wp\/v2\/posts\/10696\/revisions"}],"predecessor-version":[{"id":10698,"href":"https:\/\/diariorepublica.com.ar\/web\/index.php\/wp-json\/wp\/v2\/posts\/10696\/revisions\/10698"}],"wp:featuredmedia":[{"embeddable":true,"href":"https:\/\/diariorepublica.com.ar\/web\/index.php\/wp-json\/wp\/v2\/media\/10697"}],"wp:attachment":[{"href":"https:\/\/diariorepublica.com.ar\/web\/index.php\/wp-json\/wp\/v2\/media?parent=10696"}],"wp:term":[{"taxonomy":"category","embeddable":true,"href":"https:\/\/diariorepublica.com.ar\/web\/index.php\/wp-json\/wp\/v2\/categories?post=10696"},{"taxonomy":"post_tag","embeddable":true,"href":"https:\/\/diariorepublica.com.ar\/web\/index.php\/wp-json\/wp\/v2\/tags?post=10696"}],"curies":[{"name":"wp","href":"https:\/\/api.w.org\/{rel}","templated":true}]}}