{"id":10705,"date":"2023-12-19T00:46:00","date_gmt":"2023-12-19T03:46:00","guid":{"rendered":"https:\/\/diariorepublica.com.ar\/web\/?p=10705"},"modified":"2023-12-19T11:47:14","modified_gmt":"2023-12-19T14:47:14","slug":"gustavo-costas-nuevo-dt-de-racing","status":"publish","type":"post","link":"https:\/\/diariorepublica.com.ar\/web\/index.php\/deportes\/2023\/12\/19\/gustavo-costas-nuevo-dt-de-racing\/","title":{"rendered":"Gustavo Costas, nuevo DT de Racing"},"content":{"rendered":"<article id=\"article-post\" class=\"first\">\n<div class=\"cuerpo\" data-twitter-link=\"https:\/\/twitter.com\/intent\/tweet?url=https:\/\/www.diariopopular.com.ar\/c761794&amp;via=poopulardiario&amp;related=Popular&amp;text=\">\n<p><strong>Gustavo Costas, presentado este lunes como flamante director t\u00e9cnico de Racing<\/strong>, expres\u00f3 su ilusi\u00f3n de \u00ablograr t\u00edtulos internacionales\u00bb, en su regreso al club de Avellaneda donde afrontar\u00e1 su tercer ciclo con \u00abuna instituci\u00f3n cambiada para bien\u00bb.<\/p>\n<\/div>\n<\/article>\n<article id=\"article-post\">\n<div class=\"cuerpo\" data-twitter-link=\"https:\/\/twitter.com\/intent\/tweet?url=https:\/\/www.diariopopular.com.ar\/c761794&amp;via=poopulardiario&amp;related=Popular&amp;text=\">\n<p>Indiscutido emblema racinguista, asumi\u00f3 el desaf\u00edo como un mandato que \u00abpide la gente\u00bb, en especial \u00ablas nuevas generaciones\u00bb, acostumbrada por que equipo que desde 2014 se transform\u00f3 en uno de los principales animadores del f\u00fatbol local.<\/p>\n<p>\u00abHoy veo un Racing distinto por el que tanto peleamos nosotros en su momento, como hincha, jugador y entrenador. Lo veo para pelear y lograr cosas importantes, que es lo que quiere la gente.\u00a0<strong>Tenemos que ganar algo internacional porque la \u00faltima vez fue cuando jugaba yo, pas\u00f3 mucho tiempo\u00bb<\/strong>, reflexion\u00f3.<\/p>\n<p>Costas fue part\u00edcipe del equipo dirigido por\u00a0<strong>Alfio Basile que gan\u00f3 la extinta Supercopa en 1988\u00a0<\/strong>e inclu\u00eda jugadores hist\u00f3ricos como\u00a0<strong>Ubaldo Matildo Fillol, N\u00e9stor Fabbri, Hugo \u00abPerico\u00bb P\u00e9rez, Miguel Colombatti, Walter Fern\u00e1ndez y Ram\u00f3n Ismael Medina Bello<\/strong>.<\/p>\n<p>\u00abTenemos que dar ese salto, vine para llevar a Racing a lo m\u00e1s alto. Creo que todos tenemos el mismo objetivo: dirigentes, cuerpo t\u00e9cnico, jugadores e hinchas\u00bb, asegur\u00f3 en conferencia de prensa, sentado junto al presidente, V\u00edctor Blanco, en la sala de prensa del estadio Presidente Per\u00f3n.<\/p>\n<div id=\"embed79_wrap\" class=\"embed_cont type_freetext\" contenteditable=\"false\">\n<div id=\"embed79_content\" class=\"embed_content\">\n<div id=\"embed79_embed\">\n<div class=\"twitter-tweet twitter-tweet-rendered\"><iframe id=\"twitter-widget-0\" class=\"\" title=\"X Post\" src=\"https:\/\/platform.twitter.com\/embed\/Tweet.html?creatorScreenName=diariopopular&amp;dnt=false&amp;embedId=twitter-widget-0&amp;features=eyJ0ZndfdGltZWxpbmVfbGlzdCI6eyJidWNrZXQiOltdLCJ2ZXJzaW9uIjpudWxsfSwidGZ3X2ZvbGxvd2VyX2NvdW50X3N1bnNldCI6eyJidWNrZXQiOnRydWUsInZlcnNpb24iOm51bGx9LCJ0ZndfdHdlZXRfZWRpdF9iYWNrZW5kIjp7ImJ1Y2tldCI6Im9uIiwidmVyc2lvbiI6bnVsbH0sInRmd19yZWZzcmNfc2Vzc2lvbiI6eyJidWNrZXQiOiJvbiIsInZlcnNpb24iOm51bGx9LCJ0ZndfZm9zbnJfc29mdF9pbnRlcnZlbnRpb25zX2VuYWJsZWQiOnsiYnVja2V0Ijoib24iLCJ2ZXJzaW9uIjpudWxsfSwidGZ3X21peGVkX21lZGlhXzE1ODk3Ijp7ImJ1Y2tldCI6InRyZWF0bWVudCIsInZlcnNpb24iOm51bGx9LCJ0ZndfZXhwZXJpbWVudHNfY29va2llX2V4cGlyYXRpb24iOnsiYnVja2V0IjoxMjA5NjAwLCJ2ZXJzaW9uIjpudWxsfSwidGZ3X3Nob3dfYmlyZHdhdGNoX3Bpdm90c19lbmFibGVkIjp7ImJ1Y2tldCI6Im9uIiwidmVyc2lvbiI6bnVsbH0sInRmd19kdXBsaWNhdGVfc2NyaWJlc190b19zZXR0aW5ncyI6eyJidWNrZXQiOiJvbiIsInZlcnNpb24iOm51bGx9LCJ0ZndfdXNlX3Byb2ZpbGVfaW1hZ2Vfc2hhcGVfZW5hYmxlZCI6eyJidWNrZXQiOiJvbiIsInZlcnNpb24iOm51bGx9LCJ0ZndfdmlkZW9faGxzX2R5bmFtaWNfbWFuaWZlc3RzXzE1MDgyIjp7ImJ1Y2tldCI6InRydWVfYml0cmF0ZSIsInZlcnNpb24iOm51bGx9LCJ0ZndfbGVnYWN5X3RpbWVsaW5lX3N1bnNldCI6eyJidWNrZXQiOnRydWUsInZlcnNpb24iOm51bGx9LCJ0ZndfdHdlZXRfZWRpdF9mcm9udGVuZCI6eyJidWNrZXQiOiJvbiIsInZlcnNpb24iOm51bGx9fQ%3D%3D&amp;frame=false&amp;hideCard=false&amp;hideThread=false&amp;id=1736797189911777778&amp;lang=en&amp;origin=https%3A%2F%2Fwww.diariopopular.com.ar%2Fdeportes%2Fgustavo-costas-nuevo-dt-racing-tenemos-que-ganar-algo-internacional-n761794&amp;sessionId=a9cc871f25099368cf4bbbf62b4d86874d58f9af&amp;siteScreenName=diariopopular&amp;theme=light&amp;widgetsVersion=2615f7e52b7e0%3A1702314776716&amp;width=550px\" frameborder=\"0\" scrolling=\"no\" allowfullscreen=\"allowfullscreen\" data-tweet-id=\"1736797189911777778\" data-gtm-yt-inspected-11=\"true\" data-mce-fragment=\"1\"><\/iframe><\/div>\n<\/div>\n<\/div>\n<div id=\"embed79_epigrafe\" class=\"embed_epigrafe\"><\/div>\n<div id=\"embed79_copyright\" class=\"embed_copyright\"><\/div>\n<\/div>\n<p>\u00abVer a Racing campe\u00f3n es el sue\u00f1o que tenemos y por lo que ya estamos trabajando. En su momento, logramos mantenernos vivos, con toda la gente que apoy\u00f3\u00bb, reforz\u00f3 sobre su principal deseo al frente del equipo y en comparaci\u00f3n con sus pasos anteriores en el club.<\/p>\n<p>\u00abLograr algo internacional es lo que m\u00e1s quiero y lo que desea el hincha de Racing. No hay que competir m\u00e1s en las Copas, hay que ganarlas\u00bb, reforz\u00f3 sobre la Copa Sudamericana 2024, la m\u00e1xima aspiraci\u00f3n deportiva de la instituci\u00f3n de Avellaneda con miras a la pr\u00f3xima temporada.<\/p>\n<p><strong>\u00abVengo para llevar a Racing a lo m\u00e1s alto\u00bb<\/strong>, continu\u00f3 sobre su deseo de darle a la \u00abAcademia\u00bb de conseguir una nueva estrella internacional despu\u00e9s de 35 a\u00f1os. El t\u00e9cnico de \u00faltimo paso por el seleccionado de Bolivia en las actuales eliminatorias sudamericanas destac\u00f3 la importancia de tener \u00abun plantel unido\u00bb para poder \u00ablograr cosas importantes\u00bb.<\/p>\n<p><strong>\u00abConf\u00edo mucho en los grupos, cuando ten\u00e9s un plantel unido, con todos comprometidos, que es lo m\u00e1s dif\u00edcil para un entrenador, se pueden lograr cosas importantes\u00bb<\/strong>, indic\u00f3. Adem\u00e1s se refiri\u00f3 a la pretemporada veraniega que comenzar\u00e1 el 2 de enero pr\u00f3ximo, a la vez que dej\u00f3 en claro que los juveniles del club tendr\u00e1n \u00abla puerta abierta\u00bb para poder subir al plantel profesional.<\/p>\n<\/div>\n<\/article>\n","protected":false},"excerpt":{"rendered":"<p>Gustavo Costas, presentado este lunes como flamante director t\u00e9cnico de Racing, expres\u00f3 su ilusi\u00f3n de \u00ablograr t\u00edtulos internacionales\u00bb, en su<\/p>\n","protected":false},"author":1,"featured_media":10706,"comment_status":"closed","ping_status":"closed","sticky":false,"template":"","format":"standard","meta":{"footnotes":"","jetpack_publicize_message":"","jetpack_publicize_feature_enabled":true,"jetpack_social_post_already_shared":true,"jetpack_social_options":{"image_generator_settings":{"template":"highway","enabled":false},"version":2}},"categories":[9],"tags":[],"class_list":["post-10705","post","type-post","status-publish","format-standard","has-post-thumbnail","hentry","category-deportes"],"jetpack_publicize_connections":[],"_links":{"self":[{"href":"https:\/\/diariorepublica.com.ar\/web\/index.php\/wp-json\/wp\/v2\/posts\/10705"}],"collection":[{"href":"https:\/\/diariorepublica.com.ar\/web\/index.php\/wp-json\/wp\/v2\/posts"}],"about":[{"href":"https:\/\/diariorepublica.com.ar\/web\/index.php\/wp-json\/wp\/v2\/types\/post"}],"author":[{"embeddable":true,"href":"https:\/\/diariorepublica.com.ar\/web\/index.php\/wp-json\/wp\/v2\/users\/1"}],"replies":[{"embeddable":true,"href":"https:\/\/diariorepublica.com.ar\/web\/index.php\/wp-json\/wp\/v2\/comments?post=10705"}],"version-history":[{"count":1,"href":"https:\/\/diariorepublica.com.ar\/web\/index.php\/wp-json\/wp\/v2\/posts\/10705\/revisions"}],"predecessor-version":[{"id":10707,"href":"https:\/\/diariorepublica.com.ar\/web\/index.php\/wp-json\/wp\/v2\/posts\/10705\/revisions\/10707"}],"wp:featuredmedia":[{"embeddable":true,"href":"https:\/\/diariorepublica.com.ar\/web\/index.php\/wp-json\/wp\/v2\/media\/10706"}],"wp:attachment":[{"href":"https:\/\/diariorepublica.com.ar\/web\/index.php\/wp-json\/wp\/v2\/media?parent=10705"}],"wp:term":[{"taxonomy":"category","embeddable":true,"href":"https:\/\/diariorepublica.com.ar\/web\/index.php\/wp-json\/wp\/v2\/categories?post=10705"},{"taxonomy":"post_tag","embeddable":true,"href":"https:\/\/diariorepublica.com.ar\/web\/index.php\/wp-json\/wp\/v2\/tags?post=10705"}],"curies":[{"name":"wp","href":"https:\/\/api.w.org\/{rel}","templated":true}]}}