{"id":10711,"date":"2023-12-19T01:48:00","date_gmt":"2023-12-19T04:48:00","guid":{"rendered":"https:\/\/diariorepublica.com.ar\/web\/?p=10711"},"modified":"2023-12-19T11:49:40","modified_gmt":"2023-12-19T14:49:40","slug":"jose-maria-muscari-adopto-a-un-chico-de-15-anos","status":"publish","type":"post","link":"https:\/\/diariorepublica.com.ar\/web\/index.php\/espectaculos\/2023\/12\/19\/jose-maria-muscari-adopto-a-un-chico-de-15-anos\/","title":{"rendered":"Jos\u00e9 Mar\u00eda Muscari adopt\u00f3 a un chico de 15 a\u00f1os"},"content":{"rendered":"<article id=\"article-post\" class=\"first\">\n<div class=\"cuerpo\" data-twitter-link=\"https:\/\/twitter.com\/intent\/tweet?url=https:\/\/www.diariopopular.com.ar\/c761769&amp;via=poopulardiario&amp;related=Popular&amp;text=\">\n<p><strong>Jos\u00e9 Mar\u00eda Muscari\u00a0<\/strong>adopt\u00f3 a un chico de 15 a\u00f1os y comparti\u00f3 la alegr\u00eda con sus seguidores en las redes sociales. El director teatral explic\u00f3 que no puede mostrar la imagen del menor y mostr\u00f3 una foto del chico de espaldas.<\/p>\n<\/div>\n<\/article>\n<article id=\"article-post\">\n<div class=\"cuerpo\" data-twitter-link=\"https:\/\/twitter.com\/intent\/tweet?url=https:\/\/www.diariopopular.com.ar\/c761769&amp;via=poopulardiario&amp;related=Popular&amp;text=\">\n<p><strong>\u00abHoy es el gran comienzo de mi vida como padre de Lucio. Mi hijo tiene 15 a\u00f1os y nos elegimos, nos adoptamos y la vida nos uni\u00f3. Gracias universo, gracias Lucio\u00bb<\/strong>, manifest\u00f3 Muscari en sus cuentas de X y Facebook.<\/p>\n<p>\u00abPor su edad y por el proceso de guarda\u00a0<strong>no podremos durante un tiempo mostrar fotos con su cara<\/strong>, obvio\u00bb, explic\u00f3 el director teatral de \u00abSex\u00bb, \u00abCoqueluche\u00bb y \u00abPerdidamente\u00bb, solo por mencionar algunas de sus m\u00e1s recientes creaciones.<\/p>\n<div id=\"embed7753_wrap\" class=\"embed_cont type_freetext\" contenteditable=\"false\" data-provider=\"Twitter\">\n<div id=\"embed7753_content\" class=\"embed_content\">\n<div id=\"embed7753_embed\">\n<div class=\"twitter-tweet twitter-tweet-rendered\"><iframe id=\"twitter-widget-0\" class=\"\" title=\"X Post\" src=\"https:\/\/platform.twitter.com\/embed\/Tweet.html?creatorScreenName=diariopopular&amp;dnt=false&amp;embedId=twitter-widget-0&amp;features=eyJ0ZndfdGltZWxpbmVfbGlzdCI6eyJidWNrZXQiOltdLCJ2ZXJzaW9uIjpudWxsfSwidGZ3X2ZvbGxvd2VyX2NvdW50X3N1bnNldCI6eyJidWNrZXQiOnRydWUsInZlcnNpb24iOm51bGx9LCJ0ZndfdHdlZXRfZWRpdF9iYWNrZW5kIjp7ImJ1Y2tldCI6Im9uIiwidmVyc2lvbiI6bnVsbH0sInRmd19yZWZzcmNfc2Vzc2lvbiI6eyJidWNrZXQiOiJvbiIsInZlcnNpb24iOm51bGx9LCJ0ZndfZm9zbnJfc29mdF9pbnRlcnZlbnRpb25zX2VuYWJsZWQiOnsiYnVja2V0Ijoib24iLCJ2ZXJzaW9uIjpudWxsfSwidGZ3X21peGVkX21lZGlhXzE1ODk3Ijp7ImJ1Y2tldCI6InRyZWF0bWVudCIsInZlcnNpb24iOm51bGx9LCJ0ZndfZXhwZXJpbWVudHNfY29va2llX2V4cGlyYXRpb24iOnsiYnVja2V0IjoxMjA5NjAwLCJ2ZXJzaW9uIjpudWxsfSwidGZ3X3Nob3dfYmlyZHdhdGNoX3Bpdm90c19lbmFibGVkIjp7ImJ1Y2tldCI6Im9uIiwidmVyc2lvbiI6bnVsbH0sInRmd19kdXBsaWNhdGVfc2NyaWJlc190b19zZXR0aW5ncyI6eyJidWNrZXQiOiJvbiIsInZlcnNpb24iOm51bGx9LCJ0ZndfdXNlX3Byb2ZpbGVfaW1hZ2Vfc2hhcGVfZW5hYmxlZCI6eyJidWNrZXQiOiJvbiIsInZlcnNpb24iOm51bGx9LCJ0ZndfdmlkZW9faGxzX2R5bmFtaWNfbWFuaWZlc3RzXzE1MDgyIjp7ImJ1Y2tldCI6InRydWVfYml0cmF0ZSIsInZlcnNpb24iOm51bGx9LCJ0ZndfbGVnYWN5X3RpbWVsaW5lX3N1bnNldCI6eyJidWNrZXQiOnRydWUsInZlcnNpb24iOm51bGx9LCJ0ZndfdHdlZXRfZWRpdF9mcm9udGVuZCI6eyJidWNrZXQiOiJvbiIsInZlcnNpb24iOm51bGx9fQ%3D%3D&amp;frame=false&amp;hideCard=false&amp;hideThread=false&amp;id=1736773826069815503&amp;lang=en&amp;origin=https%3A%2F%2Fwww.diariopopular.com.ar%2Fespectaculos%2Fjose-maria-muscari-adopto-un-chico-15-anos-n761769&amp;sessionId=732618daed6584ae7a581c7878be22911bd9a326&amp;siteScreenName=diariopopular&amp;theme=light&amp;widgetsVersion=2615f7e52b7e0%3A1702314776716&amp;width=550px\" frameborder=\"0\" scrolling=\"no\" allowfullscreen=\"allowfullscreen\" data-tweet-id=\"1736773826069815503\" data-mce-fragment=\"1\"><\/iframe><\/div>\n<\/div>\n<\/div>\n<div id=\"embed7753_epigrafe\" class=\"embed_epigrafe\"><\/div>\n<div id=\"embed7753_copyright\" class=\"embed_copyright\"><\/div>\n<\/div>\n<p>En Instagram profundiz\u00f3 un poco m\u00e1s sobre su paternidad:\u00a0<strong>\u00abSiempre dese\u00e9 ser padre y lleg\u00f3 el momento. Lucio lleg\u00f3 a mi vida y yo a la de \u00e9l. Lucio me adopt\u00f3 y yo lo adopt\u00e9. Y ahora todo es amor , intensidad, emociones y vida incre\u00edble con un adolescente\u00bb.<\/strong><\/p>\n<p>\u00abLucio, mi hijo, tiene 15 a\u00f1os y\u00a0<strong>si bien estamos en un proceso de guarda, hoy ya es mi hijo porque as\u00ed lo indica mi coraz\u00f3n.<\/strong>\u00a0Estos \u00faltimos meses fueron de mucha intensidad para ambos y ahora nos estamos aclimatando al otro: quiz\u00e1s nos est\u00e1bamos buscando y no lo sab\u00edamos\u00bb, sigui\u00f3.<\/p>\n<p>Luego cont\u00f3 c\u00f3mo fue que conoci\u00f3 al adolescente: \u00abHace unos meses yo estaba de viaje, de vacaciones en Europa y\u00a0<strong>un video de Lucio en las redes sociales que se hizo viral contando su historia desde Corrientes, me atraves\u00f3 como un rayo y sent\u00ed algo inexplicable, una certeza atraves\u00f3 mi alma y mi raz\u00f3n y sent\u00ed una claridad apabullante: &#8216;es mi hijo&#8217;\u00a0<\/strong>y con esa certeza me anot\u00e9 en la convocatoria p\u00fablica y la vida hizo lo suyo. Durante muchos a\u00f1os cre\u00ed que ser\u00eda padre de un beb\u00e9 y hoy a mis 47 a\u00f1os amo que mi beb\u00e9 ya tiene 15 a\u00f1os y a\u00fan nos quedan much\u00edsimos a\u00f1os de padre e hijo juntos por recorrer\u00bb.<\/p>\n<p>\u00abQuiero agradecer al universo que conspir\u00f3 para esta uni\u00f3n para siempre. Amo hacerle el desayuno con leche chocolatada. Amo escuchar sus pensamientos sobre el anim\u00e9. Amo abrazarlo y que lloremos juntos si algo nos mueve emociones. Amo Netflix juntos, es el mejor plan. Amo irme a dormir despu\u00e9s de llevarle un vaso de agua a su habitaci\u00f3n y ver si est\u00e1 todo bien y despertarme un rato antes que \u00e9l a la ma\u00f1ana para irlo a despertar con abrazos. Amo que me diga: &#8216;pa, pap\u00e1, viejo o viejito&#8217;. Amo a Lucio, mi hijo. Lucio es amor.\u00a0<strong>Escribo y no puedo parar de llorar, se me moja la pantalla y no es met\u00e1fora, no puedo contener el torrente de l\u00e1grimas del amor\u00bb<\/strong>, concluy\u00f3.<\/p>\n<\/div>\n<\/article>\n","protected":false},"excerpt":{"rendered":"<p>Jos\u00e9 Mar\u00eda Muscari\u00a0adopt\u00f3 a un chico de 15 a\u00f1os y comparti\u00f3 la alegr\u00eda con sus seguidores en las redes sociales.<\/p>\n","protected":false},"author":1,"featured_media":10712,"comment_status":"closed","ping_status":"closed","sticky":false,"template":"","format":"standard","meta":{"footnotes":"","jetpack_publicize_message":"","jetpack_publicize_feature_enabled":true,"jetpack_social_post_already_shared":true,"jetpack_social_options":{"image_generator_settings":{"template":"highway","enabled":false},"version":2}},"categories":[7],"tags":[],"class_list":["post-10711","post","type-post","status-publish","format-standard","has-post-thumbnail","hentry","category-espectaculos"],"jetpack_publicize_connections":[],"_links":{"self":[{"href":"https:\/\/diariorepublica.com.ar\/web\/index.php\/wp-json\/wp\/v2\/posts\/10711"}],"collection":[{"href":"https:\/\/diariorepublica.com.ar\/web\/index.php\/wp-json\/wp\/v2\/posts"}],"about":[{"href":"https:\/\/diariorepublica.com.ar\/web\/index.php\/wp-json\/wp\/v2\/types\/post"}],"author":[{"embeddable":true,"href":"https:\/\/diariorepublica.com.ar\/web\/index.php\/wp-json\/wp\/v2\/users\/1"}],"replies":[{"embeddable":true,"href":"https:\/\/diariorepublica.com.ar\/web\/index.php\/wp-json\/wp\/v2\/comments?post=10711"}],"version-history":[{"count":1,"href":"https:\/\/diariorepublica.com.ar\/web\/index.php\/wp-json\/wp\/v2\/posts\/10711\/revisions"}],"predecessor-version":[{"id":10713,"href":"https:\/\/diariorepublica.com.ar\/web\/index.php\/wp-json\/wp\/v2\/posts\/10711\/revisions\/10713"}],"wp:featuredmedia":[{"embeddable":true,"href":"https:\/\/diariorepublica.com.ar\/web\/index.php\/wp-json\/wp\/v2\/media\/10712"}],"wp:attachment":[{"href":"https:\/\/diariorepublica.com.ar\/web\/index.php\/wp-json\/wp\/v2\/media?parent=10711"}],"wp:term":[{"taxonomy":"category","embeddable":true,"href":"https:\/\/diariorepublica.com.ar\/web\/index.php\/wp-json\/wp\/v2\/categories?post=10711"},{"taxonomy":"post_tag","embeddable":true,"href":"https:\/\/diariorepublica.com.ar\/web\/index.php\/wp-json\/wp\/v2\/tags?post=10711"}],"curies":[{"name":"wp","href":"https:\/\/api.w.org\/{rel}","templated":true}]}}