{"id":10714,"date":"2023-12-19T16:23:56","date_gmt":"2023-12-19T19:23:56","guid":{"rendered":"https:\/\/diariorepublica.com.ar\/web\/?p=10714"},"modified":"2023-12-19T16:23:58","modified_gmt":"2023-12-19T19:23:58","slug":"el-senado-llevo-adelante-su-primera-sesion-extraordinaria","status":"publish","type":"post","link":"https:\/\/diariorepublica.com.ar\/web\/index.php\/locales\/2023\/12\/19\/el-senado-llevo-adelante-su-primera-sesion-extraordinaria\/","title":{"rendered":"<strong>El Senado llev\u00f3 adelante su primera sesi\u00f3n extraordinaria<\/strong>"},"content":{"rendered":"<p>En el recinto de sesiones \u201cFray Mamerto Esqui\u00fa\u201d, la C\u00e1mara de Senadores llev\u00f3 adelante la primera sesi\u00f3n legislativa extraordinaria encabezada por el Presidente Provisorio senador Horacio Guti\u00e9rrez, estableci\u00e9ndose en la misma que las pr\u00f3ximas sesiones de este car\u00e1cter en el mes de diciembre se llevar\u00e1n adelante los d\u00edas jueves a las 10 horas.<\/p>\n<p>En la oportunidad quedaron conformadas adem\u00e1s las diferentes comisiones permanentes para el per\u00edodo 2.023\/2.024.<\/p>\n<p>1) ASUNTOS CONSTITUCIONALES, PETICIONES Y PODERES: Virginia Del Arco, Augusto Ojeda, Ram\u00f3n Figueroa Castellanos, Guillermo Rafael Ferreyra, Mario Gershani, Horacio Guti\u00e9rrez y Luis Ariel Cordero.<\/p>\n<p>2) PRESUPUESTO, HACIENDA Y LEGISLACI\u00d3N LABORAL: Andrea Fabiana Lobo, Jos\u00e9 Misael Alanis Andrada, Mar\u00eda Soledad Blas, Guillermo Rafael Ferreyra y Norma Santos Reales.<\/p>\n<p>3) LEGISLACI\u00d3N GENERAL: Ram\u00f3n Figueroa Castellanos, Andrea Fabiana Lobo, Virginia Julieta Del Arco, Jos\u00e9 Pio Carletta, Noem\u00ed Carolina Casas, Augusto Cesar Ojeda y Luis Ariel Cordero.<\/p>\n<p>4) JUSTICIA, SEGURIDAD Y DERECHOS HUMANOS: Jos\u00e9 Misael Alan\u00eds Andrada, F\u00e9lix Ernesto Jerez, Andrea Fabiana Lobo, Guillermo Rafael Ferreyra y Norma Santos Reales.<\/p>\n<p>5) EDUCACI\u00d3N, CIENCIA, TECNOLOG\u00cdA Y MODERNIZACI\u00d3N: Antonio Severo Camposano, Andrea Fabiana Lobo, Romina Alejandra Williams, Guillermo Rafael Ferreyra y Luis Ariel Cordero.<\/p>\n<p>6) MUJER, G\u00c9NERO, DIVERSIDAD Y FAMILIA: Carolina Noemi Casas, Virginia Del Arco, Mario Gershani, Andrea Fabiana Lobo y Norma Santos Reales.<\/p>\n<p>7) SALUD P\u00daBLICA Y DEPORTES: Jos\u00e9 Misael Alan\u00eds Andrada, Mario Gershani, Mar\u00eda Soledad Blas, Antonio Severo Camposano y Luis Ariel Cordero.<\/p>\n<p>8) MINERIA, ENERGIA, ECOLOGIA Y MEDIO AMBIENTE: Mar\u00eda Soledad Blas, Horacio Octavio Guti\u00e9rrez, Antonio Severo Camposano, F\u00e9lix Ernesto Jerez, Mario Gershani, Noem\u00ed Carolina Casas, Jos\u00e9 Misael Alan\u00eds Andrada, Augusto Ojeda y Norma Santos Reales.<\/p>\n<p>9) TURISMO, ARTE Y CULTURA: Virginia Del Arco, Romina Alejandra Williams, Jos\u00e9 Pio Carletta, Antonio Severo Camposano y Norma Santos Reales.<\/p>\n<p>10) TRANSPORTE, INFRAESTRUCTURA Y SERVICIOS P\u00daBLICOS: Cesar Augusto Ojeda, Mario Gershani, F\u00e9lix Ernesto Jerez, Romina Alejandra Williams, Jos\u00e9 Pio Carletta, Horacio Octavio Guti\u00e9rrez y Luis Ariel Cordero.<\/p>\n<p>11) COMERCIO, INDUSTRIA, DESARROLLO RURAL Y ECONOM\u00cdAS REGIONALES: Jos\u00e9 Pio Carletta, F\u00e9lix Ernesto Jerez, Noem\u00ed Carolina Casas, Andrea Fabiana Lobo, Antonio Severo Camposano, Mar\u00eda Soledad Blas y Norma Santos Reales.<\/p>\n<p>12) LABOR PARLAMENTARIA: Horacio Octavio Guti\u00e9rrez, Ram\u00f3n Figueroa Castellanos y Luis Ariel Cordero.<\/p>\n<p><i>Los proyectos de ley a tratar en el per\u00edodo de Sesiones Extraordinarias son los siguientes:<\/i><\/p>\n<p>1) Proyecto de Ley. \u201cUnificaci\u00f3n del Registro P\u00fablico con Inspecci\u00f3n General de Personas Jur\u00eddicas (IGJ)\u201d.<\/p>\n<p>2) Proyecto de Ley. \u201cR\u00e9gimen de democratizaci\u00f3n del ingreso al Poder Judicial mediante mecanismos de selecci\u00f3n por concursos p\u00fablicos, abiertos y transparentes para cubrir los cargos vacantes\u201d.<\/p>\n<p>3) Proyecto de Ley. \u201cR\u00e9gimen de Formaci\u00f3n y Capacitaci\u00f3n continua de la Polic\u00eda y Servicio Penitenciario de la Provincia de Catamarca.\u201d.<\/p>\n<p>4) Proyecto de Ley tendiente a introducir modificaciones en la legislaci\u00f3n vigente, vinculado a la modernizaci\u00f3n del procedimiento en la Administraci\u00f3n P\u00fablica provincial, modificando el C\u00f3digo de Procedimientos Administrativos, Ley N\u00b03559.<\/p>\n<p>5) Proyecto de Ley. \u201cModificaci\u00f3n del Art\u00edculo 44 y otros de la Ley N\u00ba2337 sobre libre disponibilidad de cr\u00e9ditos presupuestarios del Procurador General de la Corte de Justicia\u201d.<\/p>\n<p>6) Proyecto de Ley. \u201cModificaci\u00f3n del Decreto Ley N\u00ba3.425 &#8211; Reorganizaci\u00f3n funcional Escriban\u00eda General de Gobierno\u201d.<\/p>\n<p>7) Proyecto de Ley. \u201cR\u00e9gimen de multas ante incumplimiento de contrataci\u00f3n mano de obra catamarque\u00f1a en proyectos mineros\u201d.<\/p>\n<p>8) Proyecto de Ley. \u201cDerecho de preferencia en la adquisici\u00f3n de hasta un 10% de la producci\u00f3n de litio por el Estado Provincial\u201d.<\/p>\n<p>9) Aceptaci\u00f3n la transferencia realizada mediante Ley N\u02da 27.650 a t\u00edtulo gratuito a favor de la Provincia de Catamarca por parte del Estado Nacional del inmueble de Ferrocarriles Argentinos con seis (6) t\u00faneles, ubicados en La Merced, Departamento Pacl\u00edn.<\/p>\n<p>Proyectos que se encuentran en tratamiento:<\/p>\n<p>10) Proyecto de Ley, en tratamiento \u201cPARQUE Y RESERVAS NACIONAL SIERRA DEL AMBATO\u201d<\/p>\n<p>11) Proyecto de Ley, en tratamiento \u201cDEROGASE Y DEJESE SIN EFECTO LA LEY N\u00b0 5653. REINCORPORASEN A LAS LEYES 4628 Y 4640 LOS ART\u00cdCULOS QUE GARANTIZAN LA EFECTIVA REPRESENTACI\u00d3N DE LAS MINORIAS\u201d.<\/p>\n<p>12) Proyecto de Ley, en tratamiento \u201cDER\u00d3GUESE EL DECRETO LEY N\u00b0 4007 \u201cR\u00c9GIMEN DE PROMOCI\u00d3N MINERA\u201d Y SUS NORMAS REGLAMENTARIAS Y COMPLEMENTARIAS\u201d.<\/p>\n<p>13) Proyecto de Ley, en tratamiento \u201cR\u00c9GIMEN ESPECIAL DE RADICACI\u00d3N INDUSTRIAL\u201d<\/p>\n<p>14) Proyecto de Ley, en tratamiento \u201cFONDO PERMANENTE DE RECOMPENSAS\u201d<\/p>\n<p>15) Proyecto de Ley, en tratamiento \u201c\u00c9TICA EN LA FUNCI\u00d3N P\u00daBLICA\u201d<\/p>\n<p>16) Proyecto de Ley, en tratamiento \u201cCREASE EL HOSPITAL P\u00daBLICO INTERZONAL GENERAL PARA LOS ADULTOS MAYORES DE LA PROVINCIA DE CATAMARCA\u201d<\/p>\n<p>17) Proyecto de Ley, en tratamiento \u201cINHABILIDADES CONSTITUCIONALES PARA EL EJERCICIO DE LA FUNCI\u00d3N P\u00daBLICA (FICHA LIMPIA)\u201d.<\/p>\n","protected":false},"excerpt":{"rendered":"<p>En el recinto de sesiones \u201cFray Mamerto Esqui\u00fa\u201d, la C\u00e1mara de Senadores llev\u00f3 adelante la primera sesi\u00f3n legislativa extraordinaria encabezada<\/p>\n","protected":false},"author":1,"featured_media":10715,"comment_status":"closed","ping_status":"closed","sticky":false,"template":"","format":"standard","meta":{"footnotes":"","jetpack_publicize_message":"","jetpack_publicize_feature_enabled":true,"jetpack_social_post_already_shared":true,"jetpack_social_options":{"image_generator_settings":{"template":"highway","enabled":false},"version":2}},"categories":[2],"tags":[],"class_list":["post-10714","post","type-post","status-publish","format-standard","has-post-thumbnail","hentry","category-locales"],"jetpack_publicize_connections":[],"_links":{"self":[{"href":"https:\/\/diariorepublica.com.ar\/web\/index.php\/wp-json\/wp\/v2\/posts\/10714"}],"collection":[{"href":"https:\/\/diariorepublica.com.ar\/web\/index.php\/wp-json\/wp\/v2\/posts"}],"about":[{"href":"https:\/\/diariorepublica.com.ar\/web\/index.php\/wp-json\/wp\/v2\/types\/post"}],"author":[{"embeddable":true,"href":"https:\/\/diariorepublica.com.ar\/web\/index.php\/wp-json\/wp\/v2\/users\/1"}],"replies":[{"embeddable":true,"href":"https:\/\/diariorepublica.com.ar\/web\/index.php\/wp-json\/wp\/v2\/comments?post=10714"}],"version-history":[{"count":1,"href":"https:\/\/diariorepublica.com.ar\/web\/index.php\/wp-json\/wp\/v2\/posts\/10714\/revisions"}],"predecessor-version":[{"id":10716,"href":"https:\/\/diariorepublica.com.ar\/web\/index.php\/wp-json\/wp\/v2\/posts\/10714\/revisions\/10716"}],"wp:featuredmedia":[{"embeddable":true,"href":"https:\/\/diariorepublica.com.ar\/web\/index.php\/wp-json\/wp\/v2\/media\/10715"}],"wp:attachment":[{"href":"https:\/\/diariorepublica.com.ar\/web\/index.php\/wp-json\/wp\/v2\/media?parent=10714"}],"wp:term":[{"taxonomy":"category","embeddable":true,"href":"https:\/\/diariorepublica.com.ar\/web\/index.php\/wp-json\/wp\/v2\/categories?post=10714"},{"taxonomy":"post_tag","embeddable":true,"href":"https:\/\/diariorepublica.com.ar\/web\/index.php\/wp-json\/wp\/v2\/tags?post=10714"}],"curies":[{"name":"wp","href":"https:\/\/api.w.org\/{rel}","templated":true}]}}