{"id":10717,"date":"2023-12-19T16:34:32","date_gmt":"2023-12-19T19:34:32","guid":{"rendered":"https:\/\/diariorepublica.com.ar\/web\/?p=10717"},"modified":"2023-12-19T16:34:34","modified_gmt":"2023-12-19T19:34:34","slug":"corrientes-un-fallo-inedito-considero-a-un-perro-ser-sintiente-y-establecio-regimen-de-visitas","status":"publish","type":"post","link":"https:\/\/diariorepublica.com.ar\/web\/index.php\/nacionales\/2023\/12\/19\/corrientes-un-fallo-inedito-considero-a-un-perro-ser-sintiente-y-establecio-regimen-de-visitas\/","title":{"rendered":"Corrientes: un fallo in\u00e9dito consider\u00f3 a un perro \u00abser sintiente\u00bb y estableci\u00f3 r\u00e9gimen de visitas"},"content":{"rendered":"<p>Una jueza de la provincia de Corrientes\u00a0<strong>consider\u00f3 a una mascota como \u00abun ser sintiente\u00bb y dict\u00f3 una medida cautelar para que provisoriamente un perro \u00absalchicha\u00bb pase los fines de semana con una mujer que se hab\u00eda separado de su pareja<\/strong>, inform\u00f3 el Poder Judicial.<\/p>\n<p>La medida cautelar a favor de los derechos del animal fue solicitada por el Instituto de Derecho Animal del Colegio de Abogados local ante el Juzgado de Familia N\u00b04 y el fallo de la jueza Carolina Macarrein es in\u00e9dito en Corrientes.<\/p>\n<p>Si bien el C\u00f3digo de Familia, Ni\u00f1ez y Adolescencia no establece el derecho de comunicaci\u00f3n respecto de los seres afectivos (mascotas), la magistrada entendi\u00f3 que<strong>\u00a0\u00ablo correcto es valorarlos como partes integrantes de la familia multiespecie\u00bb<\/strong>, detalla el informe judicial.<\/p>\n<p>Respecto del caso, se explica que<strong>\u00a0la pareja decidi\u00f3 adquirir la mascota y ambos aportaron econ\u00f3micamente<\/strong>\u00a0para que el perrito \u00abPope\u00bb llegara a sus vidas.<\/p>\n<p>\u00ab&#8216;Pope&#8217; es un perro salchicha de un a\u00f1o, adquirido por la pareja separada, viv\u00eda con su due\u00f1o y la mujer lo ve\u00eda cotidianamente, hasta que surgieron problemas en la relaci\u00f3n y el v\u00ednculo se cort\u00f3\u00bb, precisa sobre la situaci\u00f3n.<\/p>\n<p>Agrega que tras el corte del v\u00ednculo \u00abla due\u00f1a no pudo tener m\u00e1s contacto con &#8216;Pope&#8217;, por lo que se present\u00f3 ante la Justicia para revertir esta situaci\u00f3n, lo que finalmente logr\u00f3 tras la medida de la jueza Macarrein\u00bb.<\/p>\n<p>Por otra parte, se fundament\u00f3 respecto de la decisi\u00f3n de la titular del Juzgado de Familia N\u00b04, Macarrein, que \u00abse bas\u00f3 en la necesidad de mantener el v\u00ednculo materno-filial que exist\u00eda, considerando a la mascota un ser sintiente\u00bb.<\/p>\n<p>Adem\u00e1s, se destaca como\u00a0<strong>\u00abla primera medida cautelar de estas caracter\u00edsticas en el pa\u00eds que no se da en el marco de un divorcio\u00bb<\/strong>, ya que la pareja no era conviviente, sino que la mujer ve\u00eda asiduamente a la mascota que viv\u00eda con el hombre.<\/p>\n<p>Finalmente, el Poder Judicial de Corrientes comunic\u00f3 que el pr\u00f3ximo 7 de marzo de 2024 a las 9 se realizar\u00e1 la audiencia respectiva con participaci\u00f3n de las partes.<\/p>\n<p>Fuente: NA<\/p>\n","protected":false},"excerpt":{"rendered":"<p>Una jueza de la provincia de Corrientes\u00a0consider\u00f3 a una mascota como \u00abun ser sintiente\u00bb y dict\u00f3 una medida cautelar para<\/p>\n","protected":false},"author":1,"featured_media":10718,"comment_status":"closed","ping_status":"closed","sticky":false,"template":"","format":"standard","meta":{"footnotes":"","jetpack_publicize_message":"","jetpack_publicize_feature_enabled":true,"jetpack_social_post_already_shared":true,"jetpack_social_options":{"image_generator_settings":{"template":"highway","enabled":false},"version":2}},"categories":[4],"tags":[],"class_list":["post-10717","post","type-post","status-publish","format-standard","has-post-thumbnail","hentry","category-nacionales"],"jetpack_publicize_connections":[],"_links":{"self":[{"href":"https:\/\/diariorepublica.com.ar\/web\/index.php\/wp-json\/wp\/v2\/posts\/10717"}],"collection":[{"href":"https:\/\/diariorepublica.com.ar\/web\/index.php\/wp-json\/wp\/v2\/posts"}],"about":[{"href":"https:\/\/diariorepublica.com.ar\/web\/index.php\/wp-json\/wp\/v2\/types\/post"}],"author":[{"embeddable":true,"href":"https:\/\/diariorepublica.com.ar\/web\/index.php\/wp-json\/wp\/v2\/users\/1"}],"replies":[{"embeddable":true,"href":"https:\/\/diariorepublica.com.ar\/web\/index.php\/wp-json\/wp\/v2\/comments?post=10717"}],"version-history":[{"count":1,"href":"https:\/\/diariorepublica.com.ar\/web\/index.php\/wp-json\/wp\/v2\/posts\/10717\/revisions"}],"predecessor-version":[{"id":10719,"href":"https:\/\/diariorepublica.com.ar\/web\/index.php\/wp-json\/wp\/v2\/posts\/10717\/revisions\/10719"}],"wp:featuredmedia":[{"embeddable":true,"href":"https:\/\/diariorepublica.com.ar\/web\/index.php\/wp-json\/wp\/v2\/media\/10718"}],"wp:attachment":[{"href":"https:\/\/diariorepublica.com.ar\/web\/index.php\/wp-json\/wp\/v2\/media?parent=10717"}],"wp:term":[{"taxonomy":"category","embeddable":true,"href":"https:\/\/diariorepublica.com.ar\/web\/index.php\/wp-json\/wp\/v2\/categories?post=10717"},{"taxonomy":"post_tag","embeddable":true,"href":"https:\/\/diariorepublica.com.ar\/web\/index.php\/wp-json\/wp\/v2\/tags?post=10717"}],"curies":[{"name":"wp","href":"https:\/\/api.w.org\/{rel}","templated":true}]}}