{"id":10723,"date":"2023-12-19T16:36:58","date_gmt":"2023-12-19T19:36:58","guid":{"rendered":"https:\/\/diariorepublica.com.ar\/web\/?p=10723"},"modified":"2023-12-19T16:37:00","modified_gmt":"2023-12-19T19:37:00","slug":"polemica-en-tucuman-los-legisladores-se-duplicaron-el-sueldo","status":"publish","type":"post","link":"https:\/\/diariorepublica.com.ar\/web\/index.php\/nacionales\/2023\/12\/19\/polemica-en-tucuman-los-legisladores-se-duplicaron-el-sueldo\/","title":{"rendered":"Pol\u00e9mica en Tucum\u00e1n: los legisladores se duplicaron el sueldo"},"content":{"rendered":"<article id=\"article-post\" class=\"first\">\n<div class=\"cuerpo\" data-twitter-link=\"https:\/\/twitter.com\/intent\/tweet?url=https:\/\/www.diariopopular.com.ar\/c761973&amp;via=poopulardiario&amp;related=Popular&amp;text=\">\n<p>En una reciente sesi\u00f3n de la Legislatura de Tucum\u00e1n, los\u00a0<strong>parlamentarios aprobaron un incremento del 100% en sus salarios<\/strong>, elevando sus ingresos\u00a0<strong>de $700.000 a un rango entre $1.300.000 y $1.500.000<\/strong>.<\/p>\n<\/div>\n<\/article>\n<article id=\"article-post\">\n<div class=\"cuerpo\" data-twitter-link=\"https:\/\/twitter.com\/intent\/tweet?url=https:\/\/www.diariopopular.com.ar\/c761973&amp;via=poopulardiario&amp;related=Popular&amp;text=\">\n<p>Este aumento salarial se dio en el contexto de un recorte significativo en el presupuesto provincial, con una reducci\u00f3n de m\u00e1s de $220.000 millones del Presupuesto 2024, lo que supone un ajuste del 30% en comparaci\u00f3n con el presupuesto establecido por\u00a0<strong>Juan Manzur<\/strong>\u00a0antes de dejar su cargo.<\/p>\n<p>La decisi\u00f3n, confirmada por el vicegobernador\u00a0<strong>Miguel Acevedo<\/strong>, se aprob\u00f3 por unanimidad y de manera r\u00e1pida, sin un debate detallado sobre cada punto del paquete de resoluciones.<\/p>\n<p>Seg\u00fan Acevedo, este incremento representa un\u00a0<em><strong>\u00absinceramiento\u00bb<\/strong><\/em>\u00a0de los montos que perciben los legisladores, argumentando que ning\u00fan parlamentario puede ganar menos que el empleado de mayor jerarqu\u00eda en la C\u00e1mara.<\/p>\n<p>Este aumento ha generado controversia, especialmente porque se produjo en un per\u00edodo de ajuste fiscal en el que se buscaba reducir gastos en otras \u00e1reas del gobierno.<\/p>\n<p>Adem\u00e1s, la aprobaci\u00f3n del incremento salarial contradice algunas posturas pol\u00edticas previas, incluyendo las de legisladores que apoyaron a\u00a0<strong>Javier Milei<\/strong>, quien durante su campa\u00f1a prometi\u00f3 que los ajustes econ\u00f3micos no afectar\u00edan a la ciudadan\u00eda general, sino a la pol\u00edtica.<\/p>\n<p>La forma en que se aprob\u00f3 el incremento tambi\u00e9n ha sido objeto de cr\u00edticas. Se realiz\u00f3<em><strong>\u00a0\u00aben un paquete de resoluciones aprobadas en m\u00f3dulo\u00bb<\/strong><\/em>, es decir, a mano alzada y sin explicaciones detalladas sobre cada texto incluido. Esta metodolog\u00eda ha sido cuestionada por su falta de transparencia y por el poco debate que gener\u00f3 entre los legisladores.<\/p>\n<p>Antes de esta decisi\u00f3n, hubo rumores sobre una solicitud de aumento de sueldos por parte de los legisladores, aunque varios miembros del cuerpo legislativo lo negaron rotundamente.<\/p>\n<\/div>\n<\/article>\n","protected":false},"excerpt":{"rendered":"<p>En una reciente sesi\u00f3n de la Legislatura de Tucum\u00e1n, los\u00a0parlamentarios aprobaron un incremento del 100% en sus salarios, elevando sus<\/p>\n","protected":false},"author":1,"featured_media":10724,"comment_status":"closed","ping_status":"closed","sticky":false,"template":"","format":"standard","meta":{"footnotes":"","jetpack_publicize_message":"","jetpack_publicize_feature_enabled":true,"jetpack_social_post_already_shared":true,"jetpack_social_options":{"image_generator_settings":{"template":"highway","enabled":false},"version":2}},"categories":[4],"tags":[],"class_list":["post-10723","post","type-post","status-publish","format-standard","has-post-thumbnail","hentry","category-nacionales"],"jetpack_publicize_connections":[],"_links":{"self":[{"href":"https:\/\/diariorepublica.com.ar\/web\/index.php\/wp-json\/wp\/v2\/posts\/10723"}],"collection":[{"href":"https:\/\/diariorepublica.com.ar\/web\/index.php\/wp-json\/wp\/v2\/posts"}],"about":[{"href":"https:\/\/diariorepublica.com.ar\/web\/index.php\/wp-json\/wp\/v2\/types\/post"}],"author":[{"embeddable":true,"href":"https:\/\/diariorepublica.com.ar\/web\/index.php\/wp-json\/wp\/v2\/users\/1"}],"replies":[{"embeddable":true,"href":"https:\/\/diariorepublica.com.ar\/web\/index.php\/wp-json\/wp\/v2\/comments?post=10723"}],"version-history":[{"count":1,"href":"https:\/\/diariorepublica.com.ar\/web\/index.php\/wp-json\/wp\/v2\/posts\/10723\/revisions"}],"predecessor-version":[{"id":10725,"href":"https:\/\/diariorepublica.com.ar\/web\/index.php\/wp-json\/wp\/v2\/posts\/10723\/revisions\/10725"}],"wp:featuredmedia":[{"embeddable":true,"href":"https:\/\/diariorepublica.com.ar\/web\/index.php\/wp-json\/wp\/v2\/media\/10724"}],"wp:attachment":[{"href":"https:\/\/diariorepublica.com.ar\/web\/index.php\/wp-json\/wp\/v2\/media?parent=10723"}],"wp:term":[{"taxonomy":"category","embeddable":true,"href":"https:\/\/diariorepublica.com.ar\/web\/index.php\/wp-json\/wp\/v2\/categories?post=10723"},{"taxonomy":"post_tag","embeddable":true,"href":"https:\/\/diariorepublica.com.ar\/web\/index.php\/wp-json\/wp\/v2\/tags?post=10723"}],"curies":[{"name":"wp","href":"https:\/\/api.w.org\/{rel}","templated":true}]}}