{"id":10749,"date":"2023-12-20T07:32:15","date_gmt":"2023-12-20T10:32:15","guid":{"rendered":"https:\/\/diariorepublica.com.ar\/web\/?p=10749"},"modified":"2023-12-20T07:32:17","modified_gmt":"2023-12-20T10:32:17","slug":"los-detalles-del-dnu-de-desregulacion-del-estado-que-firmara-javier-milei","status":"publish","type":"post","link":"https:\/\/diariorepublica.com.ar\/web\/index.php\/politica\/2023\/12\/20\/los-detalles-del-dnu-de-desregulacion-del-estado-que-firmara-javier-milei\/","title":{"rendered":"Los detalles del DNU de desregulaci\u00f3n del Estado que firmar\u00e1 Javier Milei"},"content":{"rendered":"<article class=\"article-body article-body--first-paragraph content-protected-false\" data-td-script-src=\"https:\/\/www.ambito.com\/td\/modulos\/encuestas\/js\/function-embeds-min-version-1703045263.js\">Tras varios d\u00edas de anticipaci\u00f3n, el Presidente de la Naci\u00f3n,<strong>\u00a0Javier Milei,\u00a0hablar\u00e1 este mi\u00e9rcoles en cadena nacional\u00a0<\/strong>para explicar los alcances del\u00a0<strong>decreto de necesidad y urgencia (DNU) de desregulaci\u00f3n de la econom\u00eda<\/strong>. Seg\u00fan pudo saber\u00a0<strong>\u00c1mbito<\/strong>, este contiene alrededor de\u00a0<strong>600 art\u00edculos.<\/strong><\/p>\n<\/article>\n<article class=\"article-body article-body--second-paragraph content-protected-false\">En los anuncios de este mi\u00e9rcoles, Milei incluir\u00e1 el decreto de regulaci\u00f3n que, por ejemplo,\u00a0<strong>derogar\u00eda la Ley de G\u00f3ndolas, la Ley de Abastecimiento, la Ley de Compre Nacional y la Ley de Tierras.<\/strong>\u00a0Tambi\u00e9n hablar\u00eda de la\u00a0<strong>Ley \u00d3mnibus<\/strong>\u00a0de reforma del estado que mandar\u00e1n al Congreso y mencionar\u00eda algunos<strong>\u00a0ejemplos de desregulaciones que no se pueden hacer por decreto<\/strong>\u00a0como la\u00a0<strong>Boleta \u00danica de Papel,<\/strong>\u00a0derogar las\u00a0<strong>PASO\u00a0<\/strong>o la<strong>\u00a0disminuci\u00f3n progresiva\u00a0<\/strong>del impuesto a los\u00a0<strong>Bienes Personales.<\/strong><\/p>\n<\/article>\n<article class=\"article-body article-body--third-paragraph content-protected-false\">El s\u00e1bado pasado, el ministro de Infraestructura,\u00a0<strong>Guillermo Ferraro, confirm\u00f3 la implementaci\u00f3n de un Decreto de Necesidad y Urgencia (DNU) con el objetivo de \u00abdesregular la econom\u00eda\u00bb<\/strong>: \u00abLa semana que viene va a ser una semana de novedades normativas\u00bb.<\/p>\n<\/article>\n<article class=\"article-body article-body--fourth-paragraph content-protected-false\">En declaraciones radiales, el funcionario del Gobierno de La Libertad Avanza (LLA) confirm\u00f3 los pr\u00f3ximos pasos en materia de reformas estructurales y econ\u00f3micas: \u00abS\u00ed, la semana que viene va a ser una semana de novedades normativas y de leyes.\u00a0<strong>Hay un paquete que podemos ponerle el t\u00edtulo de &#8216;desregulaci\u00f3n de la actividad econ\u00f3mica&#8217;<\/strong>\u00a0y hay otro paquete que tiene que ver con la reforma del Estado\u00bb.<\/p>\n<\/article>\n<article class=\"article-body article-body--remaining-paragraph content-protected-false\">En ese momento, fuentes de Casa Rosada le se\u00f1alaron a \u00c1mbito que \u00abhay varias cuestiones en las que se va a pedir delegaciones legislativas\u00bb y que\u00a0<strong>el decreto que se prepara \u00abest\u00e1 m\u00e1s vinculado con la desregulaci\u00f3n\u00bb\u00a0<\/strong>de diversos aspectos que no necesitan pasar por el Congreso Nacional, especialmente los relativos a los anuncios econ\u00f3micos.<\/p>\n<p>Fuente: ambito.com<\/p>\n<\/article>\n","protected":false},"excerpt":{"rendered":"<p>Tras varios d\u00edas de anticipaci\u00f3n, el Presidente de la Naci\u00f3n,\u00a0Javier Milei,\u00a0hablar\u00e1 este mi\u00e9rcoles en cadena nacional\u00a0para explicar los alcances del\u00a0decreto<\/p>\n","protected":false},"author":1,"featured_media":10750,"comment_status":"closed","ping_status":"closed","sticky":false,"template":"","format":"standard","meta":{"footnotes":"","jetpack_publicize_message":"","jetpack_publicize_feature_enabled":true,"jetpack_social_post_already_shared":true,"jetpack_social_options":{"image_generator_settings":{"template":"highway","enabled":false},"version":2}},"categories":[12],"tags":[],"class_list":["post-10749","post","type-post","status-publish","format-standard","has-post-thumbnail","hentry","category-politica"],"jetpack_publicize_connections":[],"_links":{"self":[{"href":"https:\/\/diariorepublica.com.ar\/web\/index.php\/wp-json\/wp\/v2\/posts\/10749"}],"collection":[{"href":"https:\/\/diariorepublica.com.ar\/web\/index.php\/wp-json\/wp\/v2\/posts"}],"about":[{"href":"https:\/\/diariorepublica.com.ar\/web\/index.php\/wp-json\/wp\/v2\/types\/post"}],"author":[{"embeddable":true,"href":"https:\/\/diariorepublica.com.ar\/web\/index.php\/wp-json\/wp\/v2\/users\/1"}],"replies":[{"embeddable":true,"href":"https:\/\/diariorepublica.com.ar\/web\/index.php\/wp-json\/wp\/v2\/comments?post=10749"}],"version-history":[{"count":1,"href":"https:\/\/diariorepublica.com.ar\/web\/index.php\/wp-json\/wp\/v2\/posts\/10749\/revisions"}],"predecessor-version":[{"id":10751,"href":"https:\/\/diariorepublica.com.ar\/web\/index.php\/wp-json\/wp\/v2\/posts\/10749\/revisions\/10751"}],"wp:featuredmedia":[{"embeddable":true,"href":"https:\/\/diariorepublica.com.ar\/web\/index.php\/wp-json\/wp\/v2\/media\/10750"}],"wp:attachment":[{"href":"https:\/\/diariorepublica.com.ar\/web\/index.php\/wp-json\/wp\/v2\/media?parent=10749"}],"wp:term":[{"taxonomy":"category","embeddable":true,"href":"https:\/\/diariorepublica.com.ar\/web\/index.php\/wp-json\/wp\/v2\/categories?post=10749"},{"taxonomy":"post_tag","embeddable":true,"href":"https:\/\/diariorepublica.com.ar\/web\/index.php\/wp-json\/wp\/v2\/tags?post=10749"}],"curies":[{"name":"wp","href":"https:\/\/api.w.org\/{rel}","templated":true}]}}