{"id":10813,"date":"2023-12-22T08:37:00","date_gmt":"2023-12-22T11:37:00","guid":{"rendered":"https:\/\/diariorepublica.com.ar\/web\/?p=10813"},"modified":"2023-12-22T07:41:11","modified_gmt":"2023-12-22T10:41:11","slug":"jonatan-viale-se-suma-a-tn","status":"publish","type":"post","link":"https:\/\/diariorepublica.com.ar\/web\/index.php\/espectaculos\/2023\/12\/22\/jonatan-viale-se-suma-a-tn\/","title":{"rendered":"Jonatan Viale se suma a TN"},"content":{"rendered":"<p class=\"paragraph\"><b>Jonatan Viale<\/b><b>\u00a0se suma a la pantalla de<\/b><i><b>\u00a0<\/b><\/i><b>TN con programa propio<\/b>. El conductor\u00a0<b>debutar\u00e1 en febrero de 2024.<\/b>\u00a0En di\u00e1logo con\u00a0<b>TN Show<\/b>, dio detalles de su nuevo ciclo.<\/p>\n<p class=\"paragraph\">\u201c<b>Estoy muy contento<\/b>. Estoy conociendo<i>\u00a0<\/i>Artear<i>,\u00a0<\/i><b>TN<\/b>,\u00a0<i>eltrece.<\/i>\u00a0Me hicieron el tour&#8230;\u00a0<b>estoy feliz, como un nene con chiche nuevo<\/b>. Ahora ya lo puedo contar:\u00a0<b>voy a estar de lunes a viernes, de 21 a 22<\/b>\u2033, dijo el periodista.<\/p>\n<p>Viale indic\u00f3: \u201c<b>Siempre fue mi sue\u00f1o trabajar ac\u00e1, en TN<\/b>, as\u00ed que estamos armando el equipo. Por lo que s\u00e9, va a ser un equipo de lujo\u201d.<\/p>\n<p class=\"paragraph\">\u201c<b>Va a ser un programa pol\u00edtico, de actualidad, con tal vez alg\u00fan comentario editorial<\/b>, la figura del d\u00eda, invitados, columnistas. Va a ser un modelo period\u00edstico interesante para un a\u00f1o que va a ser fuerte, porque es el primer a\u00f1o de la presidencia de Milei\u201d, a\u00f1adi\u00f3.<\/p>\n<p class=\"paragraph\">Respecto al ciclo que conducir\u00e1, agreg\u00f3: \u201c<b>El pase lo vamos a hacer con Diego Sehinkman<\/b>, que es amigo, lo admiro y es uno de los mejores periodistas del pa\u00eds. Tambi\u00e9n\u00a0<b>va a estar Ariel Tarico<\/b>, que yo ya trabajo con \u00e9l en\u00a0<i>Radio Rivadavia<\/i>, as\u00ed que, primero, nos vamos a matar de la risa; segundo, creo que se puede hacer un poquito de show pol\u00edtico, con buen humor, con buena leche, y con buena fe\u201d.<\/p>\n<p>Consultado sobre por qu\u00e9 crey\u00f3 que el momento para sumarse a\u00a0<b>TN<\/b>, analiz\u00f3: \u201cEra el momento para hacerlo. Tuve una muy linda experiencia en\u00a0<i>LN+<\/i>, lo mismo en\u00a0<i>A24<\/i>. Aprend\u00ed y estoy en una muy linda etapa de mi vida.\u00a0<b>Siempre fue como un sue\u00f1o estar ac\u00e1, y ahora que estoy ac\u00e1, en vivo y en directo, es mucho m\u00e1s<\/b>\u201d.<\/p>\n","protected":false},"excerpt":{"rendered":"<p>Jonatan Viale\u00a0se suma a la pantalla de\u00a0TN con programa propio. El conductor\u00a0debutar\u00e1 en febrero de 2024.\u00a0En di\u00e1logo con\u00a0TN Show, dio<\/p>\n","protected":false},"author":1,"featured_media":10817,"comment_status":"closed","ping_status":"closed","sticky":false,"template":"","format":"standard","meta":{"footnotes":"","jetpack_publicize_message":"","jetpack_publicize_feature_enabled":true,"jetpack_social_post_already_shared":true,"jetpack_social_options":{"image_generator_settings":{"template":"highway","enabled":false},"version":2}},"categories":[7],"tags":[],"class_list":["post-10813","post","type-post","status-publish","format-standard","has-post-thumbnail","hentry","category-espectaculos"],"jetpack_publicize_connections":[],"_links":{"self":[{"href":"https:\/\/diariorepublica.com.ar\/web\/index.php\/wp-json\/wp\/v2\/posts\/10813"}],"collection":[{"href":"https:\/\/diariorepublica.com.ar\/web\/index.php\/wp-json\/wp\/v2\/posts"}],"about":[{"href":"https:\/\/diariorepublica.com.ar\/web\/index.php\/wp-json\/wp\/v2\/types\/post"}],"author":[{"embeddable":true,"href":"https:\/\/diariorepublica.com.ar\/web\/index.php\/wp-json\/wp\/v2\/users\/1"}],"replies":[{"embeddable":true,"href":"https:\/\/diariorepublica.com.ar\/web\/index.php\/wp-json\/wp\/v2\/comments?post=10813"}],"version-history":[{"count":1,"href":"https:\/\/diariorepublica.com.ar\/web\/index.php\/wp-json\/wp\/v2\/posts\/10813\/revisions"}],"predecessor-version":[{"id":10818,"href":"https:\/\/diariorepublica.com.ar\/web\/index.php\/wp-json\/wp\/v2\/posts\/10813\/revisions\/10818"}],"wp:featuredmedia":[{"embeddable":true,"href":"https:\/\/diariorepublica.com.ar\/web\/index.php\/wp-json\/wp\/v2\/media\/10817"}],"wp:attachment":[{"href":"https:\/\/diariorepublica.com.ar\/web\/index.php\/wp-json\/wp\/v2\/media?parent=10813"}],"wp:term":[{"taxonomy":"category","embeddable":true,"href":"https:\/\/diariorepublica.com.ar\/web\/index.php\/wp-json\/wp\/v2\/categories?post=10813"},{"taxonomy":"post_tag","embeddable":true,"href":"https:\/\/diariorepublica.com.ar\/web\/index.php\/wp-json\/wp\/v2\/tags?post=10813"}],"curies":[{"name":"wp","href":"https:\/\/api.w.org\/{rel}","templated":true}]}}