{"id":10819,"date":"2023-12-22T07:43:06","date_gmt":"2023-12-22T10:43:06","guid":{"rendered":"https:\/\/diariorepublica.com.ar\/web\/?p=10819"},"modified":"2023-12-22T07:43:08","modified_gmt":"2023-12-22T10:43:08","slug":"las-prepagas-aumentaran-alrededor-de-un-50-pero-no-por-el-dnu","status":"publish","type":"post","link":"https:\/\/diariorepublica.com.ar\/web\/index.php\/economia\/2023\/12\/22\/las-prepagas-aumentaran-alrededor-de-un-50-pero-no-por-el-dnu\/","title":{"rendered":"Las prepagas aumentar\u00e1n alrededor de un 50%, pero no por el DNU"},"content":{"rendered":"<article id=\"article-post\" class=\"first\">\n<div class=\"interiorCopete\">\n<p>Claudio Belocopitt, presidente de la Uni\u00f3n Argentina de Salud (UAS), inform\u00f3 que las prepagas tendr\u00e1n un aumento que no est\u00e1 relacionado con el DNU de Milei.<\/p>\n<\/div>\n<div class=\"separator-line\"><span style=\"font-size: 15px;\">El presidente de la Naci\u00f3n,<\/span><strong style=\"font-size: 15px;\">\u00a0Javier Milei<\/strong><span style=\"font-size: 15px;\">, anunci\u00f3 este mi\u00e9rcoles por la moche los puntos clave del Decreto de Necesidad y Urgencia (DNU) n\u00famero 70\/2023, el cual tiene como objetivo desregularizar la econom\u00eda. En este contexto, mencion\u00f3 varias medidas referidas al sistema de salud, como la \u201celiminaci\u00f3n de las restricciones de precios\u201d de la medicina prepaga.<\/span><\/div>\n<\/article>\n<article id=\"article-post\">\n<div class=\"cuerpo\" data-twitter-link=\"https:\/\/twitter.com\/intent\/tweet?url=https:\/\/www.diariopopular.com.ar\/c762485&amp;via=poopulardiario&amp;related=Popular&amp;text=\">\n<p>De acuerdo a lo expresado en el DNU, \u201cfrente a la crisis del sistema de salud es imperativo lograr reducciones contundentes en los costos de las prestaciones, lo que en definitiva redundar\u00e1 en un beneficio directo para la poblaci\u00f3n en general\u201d. Asimismo, se indica que \u201cpara aumentar la competitividad del sistema, se deben liberar las restricciones de precios al sistema de medicina prepaga\u201d.<\/p>\n<p>En este marco,\u00a0<strong>Claudio Belocopitt<\/strong>, due\u00f1o de\u00a0<strong>Swiss Medical<\/strong>\u00a0y presidente de la\u00a0<strong>Uni\u00f3n Argentina de Salud (UAS),\u00a0<\/strong>habl\u00f3 sobre la liberaci\u00f3n de los precios en las prepagas y anticip\u00f3 de cu\u00e1nto ser\u00edan los aumentos, pero remarc\u00f3 que no es una consecuencia del DNU firmado por Milei.<\/p>\n<p>\u201cNo vamos a decir que como consecuencia de este decreto van a aumentar las prepagas\u201d, explic\u00f3 Belocopitt y enfatiz\u00f3: \u201cestamos llegando a la consecuencia porque no se cumpli\u00f3 la ley que s\u00ed dec\u00eda que se ten\u00edan que actualizar inmediatamente los valores por los costos\u201d.<\/p>\n<p>Al ser consultado sobre cu\u00e1nto aumentar\u00e1n las cuotas y si es posible llegar a un 50%,\u00a0<strong>Belocopitt remarc\u00f3: \u201cese 50%, por el mismo formato que est\u00e1 funcionando, iba a venir. Cuidado que ac\u00e1 no hay un cambio, este aumento va a venir. Est\u00e1 puesto en el propio decreto de actualizaci\u00f3n del gobierno de Alberto Fern\u00e1ndez firmado en diciembre de 2022\u201d.<\/strong><\/p>\n<p>\u201cNo establezcamos que este es un aumento diferente al que hubi\u00e9semos hecho\u201d, indic\u00f3 en di\u00e1logo con Radio con vos y adelant\u00f3: \u201cyo creo que el aumento promedio, para amortiguar parcialmente el impacto, va a estar entre el 40% y el 50%\u201d.<\/p>\n<p>Y reiter\u00f3: \u201ceste aumento ya estaba puesto en el decreto (de Fern\u00e1ndez). La \u00fanica diferencia es que esta f\u00f3rmula que fue armada para una inflaci\u00f3n del 3% mensual no funciona con una del 25% o 30%. No se va a modificar el sistema de aumentos porque ya estaban en la f\u00f3rmula. No vamos a decir que como consecuencia de este DNU van a aumentar las prepagas\u201d.<\/p>\n<p>\u201cEs importante que entendamos que el sistema, como ven\u00eda funcionando, lo iban a chocar contra una monta\u00f1a. As\u00ed se fue dando la degradaci\u00f3n de un sistema que gener\u00f3 problemas enormes y consecuencias muy grandes. Como ven\u00eda funcionando el sistema de salud, no daba para m\u00e1s\u201d, sostuvo el titular de Swiss Medical.<\/p>\n<p>Para Belocopitt, el sistema de regulaci\u00f3n de precios \u201cno deber\u00eda haber estado funcionando activamente si se hubiese hecho correctamente la pr\u00e1ctica de la ley\u201d. \u201cSe hizo tanta problem\u00e1tica que los costos iban por el ascensor y las actualizaciones iban por la escalera. Eso generaba, autom\u00e1ticamente, un deterioro descomunal\u201d, indic\u00f3.<\/p>\n<p>\u201cLa inflaci\u00f3n en la econom\u00eda genera estragos y en los sistemas de salud tambi\u00e9n. Si me preguntan si estamos contentos de tomar estas medidas la respuesta es no, pero la situaci\u00f3n del sistema es desesperante\u201d, cerr\u00f3.<\/p>\n<\/div>\n<\/article>\n","protected":false},"excerpt":{"rendered":"<p>Claudio Belocopitt, presidente de la Uni\u00f3n Argentina de Salud (UAS), inform\u00f3 que las prepagas tendr\u00e1n un aumento que no est\u00e1<\/p>\n","protected":false},"author":1,"featured_media":10821,"comment_status":"closed","ping_status":"closed","sticky":false,"template":"","format":"standard","meta":{"footnotes":"","jetpack_publicize_message":"","jetpack_publicize_feature_enabled":true,"jetpack_social_post_already_shared":true,"jetpack_social_options":{"image_generator_settings":{"template":"highway","enabled":false},"version":2}},"categories":[5],"tags":[],"class_list":["post-10819","post","type-post","status-publish","format-standard","has-post-thumbnail","hentry","category-economia"],"jetpack_publicize_connections":[],"_links":{"self":[{"href":"https:\/\/diariorepublica.com.ar\/web\/index.php\/wp-json\/wp\/v2\/posts\/10819"}],"collection":[{"href":"https:\/\/diariorepublica.com.ar\/web\/index.php\/wp-json\/wp\/v2\/posts"}],"about":[{"href":"https:\/\/diariorepublica.com.ar\/web\/index.php\/wp-json\/wp\/v2\/types\/post"}],"author":[{"embeddable":true,"href":"https:\/\/diariorepublica.com.ar\/web\/index.php\/wp-json\/wp\/v2\/users\/1"}],"replies":[{"embeddable":true,"href":"https:\/\/diariorepublica.com.ar\/web\/index.php\/wp-json\/wp\/v2\/comments?post=10819"}],"version-history":[{"count":1,"href":"https:\/\/diariorepublica.com.ar\/web\/index.php\/wp-json\/wp\/v2\/posts\/10819\/revisions"}],"predecessor-version":[{"id":10822,"href":"https:\/\/diariorepublica.com.ar\/web\/index.php\/wp-json\/wp\/v2\/posts\/10819\/revisions\/10822"}],"wp:featuredmedia":[{"embeddable":true,"href":"https:\/\/diariorepublica.com.ar\/web\/index.php\/wp-json\/wp\/v2\/media\/10821"}],"wp:attachment":[{"href":"https:\/\/diariorepublica.com.ar\/web\/index.php\/wp-json\/wp\/v2\/media?parent=10819"}],"wp:term":[{"taxonomy":"category","embeddable":true,"href":"https:\/\/diariorepublica.com.ar\/web\/index.php\/wp-json\/wp\/v2\/categories?post=10819"},{"taxonomy":"post_tag","embeddable":true,"href":"https:\/\/diariorepublica.com.ar\/web\/index.php\/wp-json\/wp\/v2\/tags?post=10819"}],"curies":[{"name":"wp","href":"https:\/\/api.w.org\/{rel}","templated":true}]}}