{"id":10826,"date":"2023-12-22T07:46:08","date_gmt":"2023-12-22T10:46:08","guid":{"rendered":"https:\/\/diariorepublica.com.ar\/web\/?p=10826"},"modified":"2023-12-22T07:46:10","modified_gmt":"2023-12-22T10:46:10","slug":"gran-hermano-martin-ku-agrego-un-nominado-a-la-placa-y-sorprendio-a-todos","status":"publish","type":"post","link":"https:\/\/diariorepublica.com.ar\/web\/index.php\/espectaculos\/2023\/12\/22\/gran-hermano-martin-ku-agrego-un-nominado-a-la-placa-y-sorprendio-a-todos\/","title":{"rendered":"Gran Hermano: Mart\u00edn Ku agreg\u00f3 un nominado a la placa y sorprendi\u00f3 a todos"},"content":{"rendered":"<section class=\"detail-body first-paragraph\">\n<section id=\"note-body\" class=\"body-content-lbp note-body content-protected-false\" data-twitter-link=\"https:\/\/twitter.com\/intent\/tweet?url=https:\/\/www.minutouno.com\/c5905314&amp;v\u00eda=Ambitocom&amp;related=MinutoUno&amp;text=\">Tras una intensa gala de nominaci\u00f3n, los 21 participantes de\u00a0<strong>Gran Hermano\u00a0<\/strong>tuvieron otra gala especial, donde\u00a0<strong>Mart\u00edn Ku -l\u00edder de la semana- tuvo que decidir a qui\u00e9n sacar de placa y a qui\u00e9n subir a la lista de nominados<\/strong>, exponi\u00e9ndolo al voto telef\u00f3nico y a una posible salida el pr\u00f3ximo domingo.<\/p>\n<\/section>\n<\/section>\n<section class=\"detail-body second-paragraph\">\n<section class=\"body-content-lbp note-body content-protected-false\">Los elegidos para ser sometidos a la decisi\u00f3n de la gente eran, hasta la intervenci\u00f3n de Mart\u00edn,\u00a0<strong>Juliana, Carla, Catalina y Axel<\/strong>. Uno de ellos cuatro pod\u00eda salir de placa y otro jugador de la casa acompa\u00f1ar a los restantes tres que no sean beneficiados por el l\u00edder semanal.<\/p>\n<\/section>\n<\/section>\n","protected":false},"excerpt":{"rendered":"<p>Tras una intensa gala de nominaci\u00f3n, los 21 participantes de\u00a0Gran Hermano\u00a0tuvieron otra gala especial, donde\u00a0Mart\u00edn Ku -l\u00edder de la semana-<\/p>\n","protected":false},"author":1,"featured_media":10828,"comment_status":"closed","ping_status":"closed","sticky":false,"template":"","format":"standard","meta":{"footnotes":"","jetpack_publicize_message":"","jetpack_publicize_feature_enabled":true,"jetpack_social_post_already_shared":true,"jetpack_social_options":{"image_generator_settings":{"template":"highway","enabled":false},"version":2}},"categories":[7],"tags":[],"class_list":["post-10826","post","type-post","status-publish","format-standard","has-post-thumbnail","hentry","category-espectaculos"],"jetpack_publicize_connections":[],"_links":{"self":[{"href":"https:\/\/diariorepublica.com.ar\/web\/index.php\/wp-json\/wp\/v2\/posts\/10826"}],"collection":[{"href":"https:\/\/diariorepublica.com.ar\/web\/index.php\/wp-json\/wp\/v2\/posts"}],"about":[{"href":"https:\/\/diariorepublica.com.ar\/web\/index.php\/wp-json\/wp\/v2\/types\/post"}],"author":[{"embeddable":true,"href":"https:\/\/diariorepublica.com.ar\/web\/index.php\/wp-json\/wp\/v2\/users\/1"}],"replies":[{"embeddable":true,"href":"https:\/\/diariorepublica.com.ar\/web\/index.php\/wp-json\/wp\/v2\/comments?post=10826"}],"version-history":[{"count":1,"href":"https:\/\/diariorepublica.com.ar\/web\/index.php\/wp-json\/wp\/v2\/posts\/10826\/revisions"}],"predecessor-version":[{"id":10829,"href":"https:\/\/diariorepublica.com.ar\/web\/index.php\/wp-json\/wp\/v2\/posts\/10826\/revisions\/10829"}],"wp:featuredmedia":[{"embeddable":true,"href":"https:\/\/diariorepublica.com.ar\/web\/index.php\/wp-json\/wp\/v2\/media\/10828"}],"wp:attachment":[{"href":"https:\/\/diariorepublica.com.ar\/web\/index.php\/wp-json\/wp\/v2\/media?parent=10826"}],"wp:term":[{"taxonomy":"category","embeddable":true,"href":"https:\/\/diariorepublica.com.ar\/web\/index.php\/wp-json\/wp\/v2\/categories?post=10826"},{"taxonomy":"post_tag","embeddable":true,"href":"https:\/\/diariorepublica.com.ar\/web\/index.php\/wp-json\/wp\/v2\/tags?post=10826"}],"curies":[{"name":"wp","href":"https:\/\/api.w.org\/{rel}","templated":true}]}}