{"id":10836,"date":"2023-12-22T08:06:44","date_gmt":"2023-12-22T11:06:44","guid":{"rendered":"https:\/\/diariorepublica.com.ar\/web\/?p=10836"},"modified":"2023-12-22T08:06:47","modified_gmt":"2023-12-22T11:06:47","slug":"familias-de-la-merced-pasaran-las-fiestas-en-su-propia-casa","status":"publish","type":"post","link":"https:\/\/diariorepublica.com.ar\/web\/index.php\/politica\/2023\/12\/22\/familias-de-la-merced-pasaran-las-fiestas-en-su-propia-casa\/","title":{"rendered":"Familias de La Merced pasar\u00e1n las fiestas en su propia casa"},"content":{"rendered":"<p>En la previa de las festividades de fin de a\u00f1o, el gobernador Ra\u00fal Jalil encabez\u00f3 la entrega de viviendas a familias en La Merced, departamento Pacl\u00edn, quienes recibieron las llaves de sus hogares, cumpliendo un anhelado sue\u00f1o familiar y personal.<\/p>\n<p>El complejo habitacional abarca un total de 26 viviendas, que se suman a las 3.500 unidades construidas por el Instituto Provincial de la Vivienda en los \u00faltimos 4 a\u00f1os. De estas, ya se han entregado 2.000 en toda la provincia, mientras que las restantes est\u00e1n en ejecuci\u00f3n y pr\u00f3ximas a ser entregadas a sus propietarios.<\/p>\n<p>Cada una de las viviendas consta de dos dormitorios, cocina-comedor, ba\u00f1o y lavadero, con acabados completos en todas sus \u00e1reas. Se entregan con servicios b\u00e1sicos, asegurando que los beneficiarios puedan habitarlas inmediatamente y desarrollar una vida en un ambiente saludable y c\u00f3modo.<\/p>\n<p>El gobernador Ra\u00fal Jalil, pese al desafiante contexto econ\u00f3mico del pa\u00eds, asegur\u00f3 la continuidad de la construcci\u00f3n de m\u00e1s viviendas para los catamarque\u00f1os y catamarque\u00f1as. \u201cEn abril nos vamos a sentar tranquilos, vamos a hablar tambi\u00e9n con el Presidente, vamos a hacer viviendas con recursos propios, y vamos a seguir construyendo viviendas para que la gente se desarrolle en el lugar que ha nacido\u201d, destac\u00f3.<\/p>\n<p>Adem\u00e1s, manifest\u00f3 su optimismo sobre el futuro de Catamarca y el pa\u00eds, resaltando la importancia de mantener las cuentas en orden. \u201cCatamarca tiene una administraci\u00f3n ordenada y por eso pagamos el aguinaldo, hemos dado una ayuda a los beneficiarios de los programas Arraigo y Catamarca Incluye de $30.000 para las fiestas y vamos a dar en car\u00e1cter de pr\u00e9stamo $2.400 millones para que todos los intendentes, de todos los partidos pol\u00edticos, puedan pagar el aguinaldo\u201d, enfatiz\u00f3.<\/p>\n<p>El intendente de Pacl\u00edn, Eduardo Menecier, expres\u00f3 su satisfacci\u00f3n por la entrega del nuevo barrio. \u201cHoy para nosotros, como paclinenses, es un d\u00eda muy especial, un d\u00eda de mucha felicidad. Como dice Ra\u00fal, no hay mejor obra que entregar una vivienda, una vivienda que van a utilizar el resto de sus vidas\u201d, subray\u00f3.<\/p>\n<p>Asimismo, resalt\u00f3 la importancia de contar con un \u201cGobierno provincial presente que piensa en la igualdad de oportunidades para todos los catamarque\u00f1os\u201d.<\/p>\n<p>Ana Ag\u00fcero, una de las adjudicatarias, agradeci\u00f3 a las autoridades por hacer realidad el sue\u00f1o de la casa propia para todas las familias del nuevo barrio en la zona denominada La Banda. \u201cEs un sue\u00f1o hecho realidad para todos. Uno por ah\u00ed lo piensa y lo ve muy lejano. Pero aqu\u00ed estamos recibiendo nuestra casa. Much\u00edsimas gracias, en nombre de todos\u201d, enfatiz\u00f3 la vecina.<\/p>\n<p>El emotivo acto cont\u00f3 con la participaci\u00f3n del vicegobernador Rub\u00e9n Dusso; el ministro de Vivienda y Urbanizaci\u00f3n, Fidel S\u00e1enz; la presidenta de la C\u00e1mara de Diputados Paola Fedeli; el diputado Nacional Sebasti\u00e1n N\u00f3blega; el intendente de Pacl\u00edn, Eduardo Menecier; la senadora departamental, Virginia del Arco; intendentes de otras jurisdicciones, diputados provinciales, entre otras autoridades, adem\u00e1s de propietarios de las viviendas, familiares y amigos, quienes presenciaron el momento que seguramente quedar\u00e1 grabado en sus memorias.<\/p>\n<p>Obra de agua en Palo Labrado<\/p>\n<p>Con el objetivo de mejorar el suministro de agua potable en Palo Labrado, el Gobernador y las autoridades presentes dejaron inaugurada la nueva bomba de agua, una obra muy esperada por la comunidad.<\/p>\n<p>Esta perforaci\u00f3n complementar\u00e1 el funcionamiento del servicio actual, beneficiando as\u00ed a todos los vecinos y vecinas de la localidad con una mejor calidad del suministro de agua<\/p>\n","protected":false},"excerpt":{"rendered":"<p>En la previa de las festividades de fin de a\u00f1o, el gobernador Ra\u00fal Jalil encabez\u00f3 la entrega de viviendas a<\/p>\n","protected":false},"author":2,"featured_media":10837,"comment_status":"closed","ping_status":"closed","sticky":false,"template":"","format":"standard","meta":{"footnotes":"","jetpack_publicize_message":"","jetpack_publicize_feature_enabled":true,"jetpack_social_post_already_shared":true,"jetpack_social_options":{"image_generator_settings":{"template":"highway","enabled":false},"version":2}},"categories":[12],"tags":[],"class_list":["post-10836","post","type-post","status-publish","format-standard","has-post-thumbnail","hentry","category-politica"],"jetpack_publicize_connections":[],"_links":{"self":[{"href":"https:\/\/diariorepublica.com.ar\/web\/index.php\/wp-json\/wp\/v2\/posts\/10836"}],"collection":[{"href":"https:\/\/diariorepublica.com.ar\/web\/index.php\/wp-json\/wp\/v2\/posts"}],"about":[{"href":"https:\/\/diariorepublica.com.ar\/web\/index.php\/wp-json\/wp\/v2\/types\/post"}],"author":[{"embeddable":true,"href":"https:\/\/diariorepublica.com.ar\/web\/index.php\/wp-json\/wp\/v2\/users\/2"}],"replies":[{"embeddable":true,"href":"https:\/\/diariorepublica.com.ar\/web\/index.php\/wp-json\/wp\/v2\/comments?post=10836"}],"version-history":[{"count":1,"href":"https:\/\/diariorepublica.com.ar\/web\/index.php\/wp-json\/wp\/v2\/posts\/10836\/revisions"}],"predecessor-version":[{"id":10838,"href":"https:\/\/diariorepublica.com.ar\/web\/index.php\/wp-json\/wp\/v2\/posts\/10836\/revisions\/10838"}],"wp:featuredmedia":[{"embeddable":true,"href":"https:\/\/diariorepublica.com.ar\/web\/index.php\/wp-json\/wp\/v2\/media\/10837"}],"wp:attachment":[{"href":"https:\/\/diariorepublica.com.ar\/web\/index.php\/wp-json\/wp\/v2\/media?parent=10836"}],"wp:term":[{"taxonomy":"category","embeddable":true,"href":"https:\/\/diariorepublica.com.ar\/web\/index.php\/wp-json\/wp\/v2\/categories?post=10836"},{"taxonomy":"post_tag","embeddable":true,"href":"https:\/\/diariorepublica.com.ar\/web\/index.php\/wp-json\/wp\/v2\/tags?post=10836"}],"curies":[{"name":"wp","href":"https:\/\/api.w.org\/{rel}","templated":true}]}}