{"id":10845,"date":"2023-12-26T12:37:28","date_gmt":"2023-12-26T15:37:28","guid":{"rendered":"https:\/\/diariorepublica.com.ar\/web\/?p=10845"},"modified":"2023-12-26T12:37:30","modified_gmt":"2023-12-26T15:37:30","slug":"ultimas-funciones-del-ano-del-ciclo-cine-bajo-las-estrellas","status":"publish","type":"post","link":"https:\/\/diariorepublica.com.ar\/web\/index.php\/locales\/2023\/12\/26\/ultimas-funciones-del-ano-del-ciclo-cine-bajo-las-estrellas\/","title":{"rendered":"\u00daltimas funciones del a\u00f1o del ciclo \u00abCine bajo las estrellas\u00bb"},"content":{"rendered":"<p>Este jueves y viernes se llevar\u00e1n a cabo las \u00faltimas funciones del ciclo\u00a0\u201cCine bajo las estrellas\u201d, que desde la Secretar\u00eda de Gesti\u00f3n Cultural del Ministerio de Cultura, Turismo y Deporte,\u00a0propone\u00a0disfrutar del\u00a0cine argentino\u00a0en las noches de verano y en distintos paseos p\u00fablicos de la ciudad.<\/p>\n<p>En este sentido, el jueves 28 de diciembre a las 21 horas\u00a0\u00a0proyectar\u00e1n\u00a0en el Parque de los Vientos, ubicado en El Jumeal,\u00a0\u00abMam\u00e1 se fue de viaje\u00bb, con Diego Peretti y Carla Peterson. Previamente,\u00a0 a las 20, se concretar\u00e1\u00a0la previa musical,\u00a0con\u00a0actuaci\u00f3n a la gorra,\u00a0con la m\u00fasica\u00a0y compositora catamarque\u00f1a\u00a0 Carolina Ibarra.<\/p>\n<p><strong>Sinopsis<\/strong>:\u00a0V\u00edctor y Vera Garbor llevan 20 a\u00f1os de casados y tienen cuatro hijos: Bruno, Lara, Tato y Luna. Absorbido por su actividad laboral, V\u00edctor vive ajeno a la cotidianeidad de su mujer y de los chicos. Vera, agobiada por la vida dom\u00e9stica, decide tomarse vacaciones de su familia. Y all\u00ed comienzan los problemas.<\/p>\n<p>Y\u00a0para\u00a0el viernes 29 de diciembre, se anuncia la proyecci\u00f3n\u00a0del film\u00a0\u00a0\u00abHoy se arregla el mundo\u00bb, a\u00a0las 21, en la plaza \u201cSoles\u201d, ubicada en la zona norte de la Capital, en Av. Monse\u00f1or Sueldo y Aguada.<\/p>\n<p><strong>Sinopsis<\/strong>: David \u00abel Griego\u00bb Samar\u00e1s es el productor general del popular talk show \u00abHoy se arregla el mundo\u00bb, donde presunta gente com\u00fan dirime conflictos de relaci\u00f3n, de pareja, de amistad, de trabajo, de padres e hijos. El lazo m\u00e1s perdurable de su vida es Benito, su hijo de 9 a\u00f1os, fruto de una relaci\u00f3n ocasional. La historia cambia por completo cuando se entera de que Benito no es su hijo. La b\u00fasqueda por el verdadero pap\u00e1 los llevar\u00e1 a una encrucijada mucho m\u00e1s grande que la que salieron a enfrentar. Con la actuaci\u00f3n\u00a0de\u00a0Leonardo Sbaraglia, Benjam\u00edn Otero, Natalia Oreiro, entre otros.<\/p>\n<p>La entrada es libre y gratuita, y se recomienda llevar sillas o mantas para mayor comodidad durante la proyecci\u00f3n y as\u00ed poder disfrutar de las noches de verano al aire libre. Se suspende en caso de lluvia o mal clima.<\/p>\n","protected":false},"excerpt":{"rendered":"<p>Este jueves y viernes se llevar\u00e1n a cabo las \u00faltimas funciones del ciclo\u00a0\u201cCine bajo las estrellas\u201d, que desde la Secretar\u00eda<\/p>\n","protected":false},"author":1,"featured_media":10847,"comment_status":"closed","ping_status":"closed","sticky":false,"template":"","format":"standard","meta":{"footnotes":"","jetpack_publicize_message":"","jetpack_publicize_feature_enabled":true,"jetpack_social_post_already_shared":true,"jetpack_social_options":{"image_generator_settings":{"template":"highway","enabled":false},"version":2}},"categories":[2],"tags":[],"class_list":["post-10845","post","type-post","status-publish","format-standard","has-post-thumbnail","hentry","category-locales"],"jetpack_publicize_connections":[],"_links":{"self":[{"href":"https:\/\/diariorepublica.com.ar\/web\/index.php\/wp-json\/wp\/v2\/posts\/10845"}],"collection":[{"href":"https:\/\/diariorepublica.com.ar\/web\/index.php\/wp-json\/wp\/v2\/posts"}],"about":[{"href":"https:\/\/diariorepublica.com.ar\/web\/index.php\/wp-json\/wp\/v2\/types\/post"}],"author":[{"embeddable":true,"href":"https:\/\/diariorepublica.com.ar\/web\/index.php\/wp-json\/wp\/v2\/users\/1"}],"replies":[{"embeddable":true,"href":"https:\/\/diariorepublica.com.ar\/web\/index.php\/wp-json\/wp\/v2\/comments?post=10845"}],"version-history":[{"count":1,"href":"https:\/\/diariorepublica.com.ar\/web\/index.php\/wp-json\/wp\/v2\/posts\/10845\/revisions"}],"predecessor-version":[{"id":10848,"href":"https:\/\/diariorepublica.com.ar\/web\/index.php\/wp-json\/wp\/v2\/posts\/10845\/revisions\/10848"}],"wp:featuredmedia":[{"embeddable":true,"href":"https:\/\/diariorepublica.com.ar\/web\/index.php\/wp-json\/wp\/v2\/media\/10847"}],"wp:attachment":[{"href":"https:\/\/diariorepublica.com.ar\/web\/index.php\/wp-json\/wp\/v2\/media?parent=10845"}],"wp:term":[{"taxonomy":"category","embeddable":true,"href":"https:\/\/diariorepublica.com.ar\/web\/index.php\/wp-json\/wp\/v2\/categories?post=10845"},{"taxonomy":"post_tag","embeddable":true,"href":"https:\/\/diariorepublica.com.ar\/web\/index.php\/wp-json\/wp\/v2\/tags?post=10845"}],"curies":[{"name":"wp","href":"https:\/\/api.w.org\/{rel}","templated":true}]}}