{"id":10849,"date":"2023-12-26T12:39:28","date_gmt":"2023-12-26T15:39:28","guid":{"rendered":"https:\/\/diariorepublica.com.ar\/web\/?p=10849"},"modified":"2023-12-26T12:39:30","modified_gmt":"2023-12-26T15:39:30","slug":"el-mensaje-del-gobierno-a-senadores-y-diputados-esten-a-la-altura-de-la-circunstancia","status":"publish","type":"post","link":"https:\/\/diariorepublica.com.ar\/web\/index.php\/nacionales\/2023\/12\/26\/el-mensaje-del-gobierno-a-senadores-y-diputados-esten-a-la-altura-de-la-circunstancia\/","title":{"rendered":"El mensaje del Gobierno a senadores y diputados: \u00abEst\u00e9n a la altura de la circunstancia\u00bb"},"content":{"rendered":"<p>El vocero presidencial, Manuel Adorni, envi\u00f3 un mensaje al Congreso de la Naci\u00f3n que deber\u00e1 tratar las reformas que el presidente Javier Milei intenta impulsar contempladas en el DNU y en el paquete de leyes que enviar\u00e1 \u201cen lo inmediato\u201d.<\/p>\n<p>En la habitual conferencia de prensa, el vocero expres\u00f3: \u201cLos diputado o senadores deber\u00e1n elegir entre acompa\u00f1ar lo que ha votado la gente, acompa\u00f1ar el cambio o seguir obstruyendo este cambio y poner palos en la rueda a esto que la mayor\u00eda de la gente queremos\u201d.<\/p>\n<p>\u201cApelamos a la buena voluntad y que est\u00e9n a la altura de la circunstancia en el marco de urgencia en el que estamos\u201d, remarc\u00f3.<\/p>\n<p>A trav\u00e9s de la publicaci\u00f3n de un nuevo decreto en el Bolet\u00edn Oficial, el Gobierno oficializ\u00f3 la convocatoria a sesiones extraordinarias que rige desde hoy hasta fines de enero para dar tratamiento al proyecto de ley \u201c\u00f3mnibus\u201d que incluye la revisi\u00f3n de las modificaciones el impuesto a las Ganancias, los cambios en la movilidad jubilatoria, entre otras.<\/p>\n<p>En otro pasaje de la conferencia, Adorni revel\u00f3 que el Gobierno convoc\u00f3 a una reuni\u00f3n con empresarios del transporte p\u00fablico del AMBA, que tendr\u00e1 lugar esta tarde, luego de que las empresas de colectivos redujeran un 50% el servicio.<\/p>\n<p>Los representantes de la AAETA anunciaron la medida de fuerza en reclamo al congelamiento de la tarifa desde el mes de agosto. Luciano Fusaro, vicepresidente de la entidad, adelant\u00f3 que las c\u00e1maras empresariales mantienen di\u00e1logo con el ministro de Infraestructura, Guillermo Ferraro, a quienes le advirtieron de la acci\u00f3n.<\/p>\n","protected":false},"excerpt":{"rendered":"<p>El vocero presidencial, Manuel Adorni, envi\u00f3 un mensaje al Congreso de la Naci\u00f3n que deber\u00e1 tratar las reformas que el<\/p>\n","protected":false},"author":1,"featured_media":10850,"comment_status":"closed","ping_status":"closed","sticky":false,"template":"","format":"standard","meta":{"footnotes":"","jetpack_publicize_message":"","jetpack_publicize_feature_enabled":true,"jetpack_social_post_already_shared":true,"jetpack_social_options":{"image_generator_settings":{"template":"highway","enabled":false},"version":2}},"categories":[4],"tags":[],"class_list":["post-10849","post","type-post","status-publish","format-standard","has-post-thumbnail","hentry","category-nacionales"],"jetpack_publicize_connections":[],"_links":{"self":[{"href":"https:\/\/diariorepublica.com.ar\/web\/index.php\/wp-json\/wp\/v2\/posts\/10849"}],"collection":[{"href":"https:\/\/diariorepublica.com.ar\/web\/index.php\/wp-json\/wp\/v2\/posts"}],"about":[{"href":"https:\/\/diariorepublica.com.ar\/web\/index.php\/wp-json\/wp\/v2\/types\/post"}],"author":[{"embeddable":true,"href":"https:\/\/diariorepublica.com.ar\/web\/index.php\/wp-json\/wp\/v2\/users\/1"}],"replies":[{"embeddable":true,"href":"https:\/\/diariorepublica.com.ar\/web\/index.php\/wp-json\/wp\/v2\/comments?post=10849"}],"version-history":[{"count":1,"href":"https:\/\/diariorepublica.com.ar\/web\/index.php\/wp-json\/wp\/v2\/posts\/10849\/revisions"}],"predecessor-version":[{"id":10851,"href":"https:\/\/diariorepublica.com.ar\/web\/index.php\/wp-json\/wp\/v2\/posts\/10849\/revisions\/10851"}],"wp:featuredmedia":[{"embeddable":true,"href":"https:\/\/diariorepublica.com.ar\/web\/index.php\/wp-json\/wp\/v2\/media\/10850"}],"wp:attachment":[{"href":"https:\/\/diariorepublica.com.ar\/web\/index.php\/wp-json\/wp\/v2\/media?parent=10849"}],"wp:term":[{"taxonomy":"category","embeddable":true,"href":"https:\/\/diariorepublica.com.ar\/web\/index.php\/wp-json\/wp\/v2\/categories?post=10849"},{"taxonomy":"post_tag","embeddable":true,"href":"https:\/\/diariorepublica.com.ar\/web\/index.php\/wp-json\/wp\/v2\/tags?post=10849"}],"curies":[{"name":"wp","href":"https:\/\/api.w.org\/{rel}","templated":true}]}}