{"id":1085,"date":"2023-04-07T17:51:50","date_gmt":"2023-04-07T20:51:50","guid":{"rendered":"https:\/\/diariorepublica.com.ar\/web\/?p=1085"},"modified":"2023-04-07T17:51:50","modified_gmt":"2023-04-07T20:51:50","slug":"chicho-serna-y-el-nuevo-dt-de-boca-no-hay-humo-blanco","status":"publish","type":"post","link":"https:\/\/diariorepublica.com.ar\/web\/index.php\/sin-categoria\/2023\/04\/07\/chicho-serna-y-el-nuevo-dt-de-boca-no-hay-humo-blanco\/","title":{"rendered":"Chicho Serna y el nuevo DT de Boca: \u00abNo hay humo blanco\u00bb"},"content":{"rendered":"<article id=\"article-post\" class=\"first\">\n<div class=\"cuerpo\" data-twitter-link=\"https:\/\/twitter.com\/intent\/tweet?url=https:\/\/www.diariopopular.com.ar\/c707028&amp;via=poopulardiario&amp;related=Popular&amp;text=\">\n<p>Luego del\u00a0empate de anoche ante\u00a0<strong>Monagas<\/strong>\u00a0en el arranque de la Copa Libertadores, el plantel de\u00a0<strong>Boca Juniors<\/strong>\u00a0arrib\u00f3 esta ma\u00f1ana al aeropuerto de Ezeiza donde los medios aguardaban tanto a los jugadores como a los dirigentes para saber si habr\u00e1 novedades vinculadas con el nuevo entrenador Xeneize.<\/p>\n<\/div>\n<\/article>\n<article id=\"article-post\">\n<div class=\"cuerpo\" data-twitter-link=\"https:\/\/twitter.com\/intent\/tweet?url=https:\/\/www.diariopopular.com.ar\/c707028&amp;via=poopulardiario&amp;related=Popular&amp;text=\">\n<p>Fue el colombiano\u00a0<strong>Mauricio Chicho Serna<\/strong>, integrante del Consejo de F\u00fatbol de Boca, quien decidi\u00f3 encarar a las c\u00e1maras y micr\u00f3fonos para confirmar que de momento no hay ninguna definici\u00f3n al respecto.<\/p>\n<p><strong>\u00abBuen d\u00eda, buen d\u00eda&#8230; No hay humo blanco todav\u00eda, se\u00f1ores\u00bb<\/strong>, expres\u00f3 con una sonrisa el exvolante y se march\u00f3 rumbo al micro que lo llevar\u00eda al predio de Boca.<\/p>\n<p>Su referencia, claro, est\u00e1 vinculada al c\u00f3nclave que se desarrolla en el Vaticano cada vez que se vota por un nuevo Papa; por la chimenea sale humo blanco como se\u00f1al de que se lleg\u00f3 a una definici\u00f3n, algo que en el club que comandan\u00a0<strong>Jorge Ameal<\/strong>\u00a0y\u00a0<strong>Juan Rom\u00e1n Riquelme<\/strong>\u00a0no ha sucedido.<\/p>\n<p>El punto que Boca se trajo tras el 0-0 (con nueve jugadores) ante el conjunto venezolano, donde el equipo fue dirigido por\u00a0<strong>Mariano Herr\u00f3n<\/strong>, le da algo de tranquilidad pero est\u00e1 claro que ser\u00e1 apenas por unas horas ya que el domingo -desde las 21.30- enfrentar\u00e1 de local a Col\u00f3n por la fecha 10 de la Liga Profesional.<\/p>\n<p>Una de las versiones indicaba que en el ideal del Consejo estaba que el pr\u00f3ximo DT estuviera viendo el partido desde alg\u00fan palco, a modo de ir interioriz\u00e1ndose, pero hoy todo es una gran incertidumbre.<\/p>\n<\/div>\n<\/article>\n","protected":false},"excerpt":{"rendered":"<p>Luego del\u00a0empate de anoche ante\u00a0Monagas\u00a0en el arranque de la Copa Libertadores, el plantel de\u00a0Boca Juniors\u00a0arrib\u00f3 esta ma\u00f1ana al aeropuerto de<\/p>\n","protected":false},"author":1,"featured_media":1086,"comment_status":"closed","ping_status":"closed","sticky":false,"template":"","format":"standard","meta":{"footnotes":"","jetpack_publicize_message":"","jetpack_publicize_feature_enabled":true,"jetpack_social_post_already_shared":false,"jetpack_social_options":{"image_generator_settings":{"template":"highway","enabled":false},"version":2}},"categories":[1],"tags":[],"class_list":["post-1085","post","type-post","status-publish","format-standard","has-post-thumbnail","hentry","category-sin-categoria"],"jetpack_publicize_connections":[],"_links":{"self":[{"href":"https:\/\/diariorepublica.com.ar\/web\/index.php\/wp-json\/wp\/v2\/posts\/1085"}],"collection":[{"href":"https:\/\/diariorepublica.com.ar\/web\/index.php\/wp-json\/wp\/v2\/posts"}],"about":[{"href":"https:\/\/diariorepublica.com.ar\/web\/index.php\/wp-json\/wp\/v2\/types\/post"}],"author":[{"embeddable":true,"href":"https:\/\/diariorepublica.com.ar\/web\/index.php\/wp-json\/wp\/v2\/users\/1"}],"replies":[{"embeddable":true,"href":"https:\/\/diariorepublica.com.ar\/web\/index.php\/wp-json\/wp\/v2\/comments?post=1085"}],"version-history":[{"count":1,"href":"https:\/\/diariorepublica.com.ar\/web\/index.php\/wp-json\/wp\/v2\/posts\/1085\/revisions"}],"predecessor-version":[{"id":1087,"href":"https:\/\/diariorepublica.com.ar\/web\/index.php\/wp-json\/wp\/v2\/posts\/1085\/revisions\/1087"}],"wp:featuredmedia":[{"embeddable":true,"href":"https:\/\/diariorepublica.com.ar\/web\/index.php\/wp-json\/wp\/v2\/media\/1086"}],"wp:attachment":[{"href":"https:\/\/diariorepublica.com.ar\/web\/index.php\/wp-json\/wp\/v2\/media?parent=1085"}],"wp:term":[{"taxonomy":"category","embeddable":true,"href":"https:\/\/diariorepublica.com.ar\/web\/index.php\/wp-json\/wp\/v2\/categories?post=1085"},{"taxonomy":"post_tag","embeddable":true,"href":"https:\/\/diariorepublica.com.ar\/web\/index.php\/wp-json\/wp\/v2\/tags?post=1085"}],"curies":[{"name":"wp","href":"https:\/\/api.w.org\/{rel}","templated":true}]}}