{"id":10858,"date":"2023-12-26T15:38:00","date_gmt":"2023-12-26T18:38:00","guid":{"rendered":"https:\/\/diariorepublica.com.ar\/web\/?p=10858"},"modified":"2023-12-26T17:43:58","modified_gmt":"2023-12-26T20:43:58","slug":"confirman-aumento-y-un-bono-extraordinario-para-los-empleados-publicos","status":"publish","type":"post","link":"https:\/\/diariorepublica.com.ar\/web\/index.php\/locales\/2023\/12\/26\/confirman-aumento-y-un-bono-extraordinario-para-los-empleados-publicos\/","title":{"rendered":"Confirman  aumento y un bono extraordinario para los empleados p\u00fablicos"},"content":{"rendered":"<p>El gobernador Ra\u00fal Jalil encabez\u00f3 una reuni\u00f3n con representantes gremiales de la Administraci\u00f3n P\u00fablica provincial para dar seguimiento al di\u00e1logo sostenido en el marco de las paritarias salariales y cerrar el \u00faltimo acuerdo del a\u00f1o en materia salarial.<\/p>\n<p>Durante la reuni\u00f3n, se acord\u00f3<strong>\u00a0garantizar un sueldo m\u00ednimo de $300.000 a partir de la liquidaci\u00f3n de enero. El nuevo piso salarial beneficiar\u00e1 a m\u00e1s de 12.000 trabajadores p\u00fablicos.<\/strong><\/p>\n<p>La ministra Ver\u00f3nica Soria explic\u00f3 que este nuevo piso \u201csignifica un incremento de $90.000 para aquellos trabajadores que percib\u00edan el salario m\u00ednimo que hasta hoy con bono incluido llegaba a $210.000, y una mejora sustancial en los ingresos de los empleados que se encuentran en la base de la pir\u00e1mide salarial de la Administraci\u00f3n P\u00fablica\u201d.<\/p>\n<p><strong>Asimismo, los empleados p\u00fablicos percibir\u00e1n un incremento salarial del 13,5% a partir del salario de enero de 2024. Tambi\u00e9n se acord\u00f3 el pago, por \u00fanica vez, de un bono extraordinario de $70.000 a depositarse entre el 15 y el 20 de enero de 2024.<\/strong><\/p>\n<p>La pr\u00f3xima reuni\u00f3n paritaria est\u00e1 programada para el 20 de febrero de 2024.<\/p>\n<p><strong>La ministra de Econom\u00eda, Alejandra Nazareno, afirm\u00f3: \u201cA pesar del complejo contexto nacional y la disminuci\u00f3n de fondos por la eliminaci\u00f3n del impuesto a las ganancias en la coparticipaci\u00f3n, el Gobierno provincial est\u00e1 haciendo un esfuerzo para asegurar el incremento salarial de los trabajadores catamarque\u00f1os\u201d.<\/strong><\/p>\n<p>Las autoridades agradecieron el constante di\u00e1logo con el sector gremial e instaron a mantener este camino que permita llegar a acuerdos que beneficien a los trabajadores p\u00fablicos, siempre considerando las posibilidades reales de la provincia para cumplir con sus compromisos.<\/p>\n<p>En la reuni\u00f3n participaron el gobernador Ra\u00fal Jalil, la ministra de Trabajo, Planificaci\u00f3n y Recursos Humanos, Ver\u00f3nica Soria; la ministra de Econom\u00eda, Alejandra Nazareno, y representantes de los sindicatos ATE, UPCN, ATSA y Vialidad Provincial.<\/p>\n","protected":false},"excerpt":{"rendered":"<p>El gobernador Ra\u00fal Jalil encabez\u00f3 una reuni\u00f3n con representantes gremiales de la Administraci\u00f3n P\u00fablica provincial para dar seguimiento al di\u00e1logo<\/p>\n","protected":false},"author":1,"featured_media":10859,"comment_status":"closed","ping_status":"closed","sticky":false,"template":"","format":"standard","meta":{"footnotes":"","jetpack_publicize_message":"","jetpack_publicize_feature_enabled":true,"jetpack_social_post_already_shared":true,"jetpack_social_options":{"image_generator_settings":{"template":"highway","enabled":false},"version":2}},"categories":[2],"tags":[],"class_list":["post-10858","post","type-post","status-publish","format-standard","has-post-thumbnail","hentry","category-locales"],"jetpack_publicize_connections":[],"_links":{"self":[{"href":"https:\/\/diariorepublica.com.ar\/web\/index.php\/wp-json\/wp\/v2\/posts\/10858"}],"collection":[{"href":"https:\/\/diariorepublica.com.ar\/web\/index.php\/wp-json\/wp\/v2\/posts"}],"about":[{"href":"https:\/\/diariorepublica.com.ar\/web\/index.php\/wp-json\/wp\/v2\/types\/post"}],"author":[{"embeddable":true,"href":"https:\/\/diariorepublica.com.ar\/web\/index.php\/wp-json\/wp\/v2\/users\/1"}],"replies":[{"embeddable":true,"href":"https:\/\/diariorepublica.com.ar\/web\/index.php\/wp-json\/wp\/v2\/comments?post=10858"}],"version-history":[{"count":1,"href":"https:\/\/diariorepublica.com.ar\/web\/index.php\/wp-json\/wp\/v2\/posts\/10858\/revisions"}],"predecessor-version":[{"id":10860,"href":"https:\/\/diariorepublica.com.ar\/web\/index.php\/wp-json\/wp\/v2\/posts\/10858\/revisions\/10860"}],"wp:featuredmedia":[{"embeddable":true,"href":"https:\/\/diariorepublica.com.ar\/web\/index.php\/wp-json\/wp\/v2\/media\/10859"}],"wp:attachment":[{"href":"https:\/\/diariorepublica.com.ar\/web\/index.php\/wp-json\/wp\/v2\/media?parent=10858"}],"wp:term":[{"taxonomy":"category","embeddable":true,"href":"https:\/\/diariorepublica.com.ar\/web\/index.php\/wp-json\/wp\/v2\/categories?post=10858"},{"taxonomy":"post_tag","embeddable":true,"href":"https:\/\/diariorepublica.com.ar\/web\/index.php\/wp-json\/wp\/v2\/tags?post=10858"}],"curies":[{"name":"wp","href":"https:\/\/api.w.org\/{rel}","templated":true}]}}