{"id":10870,"date":"2023-12-27T06:58:47","date_gmt":"2023-12-27T09:58:47","guid":{"rendered":"https:\/\/diariorepublica.com.ar\/web\/?p=10870"},"modified":"2023-12-27T06:58:50","modified_gmt":"2023-12-27T09:58:50","slug":"el-gobierno-logro-cerrar-un-nuevo-acuerdo-salarial-para-los-estatales-provinciales","status":"publish","type":"post","link":"https:\/\/diariorepublica.com.ar\/web\/index.php\/politica\/2023\/12\/27\/el-gobierno-logro-cerrar-un-nuevo-acuerdo-salarial-para-los-estatales-provinciales\/","title":{"rendered":"El Gobierno logr\u00f3 cerrar un nuevo acuerdo salarial para los estatales provinciales"},"content":{"rendered":"<p>El Gobierno y los gremios estales llegaron a un acuerdo en torno a la pauta salarial para el inicio del a\u00f1o pr\u00f3ximo. En concreto, el Ejecutivo dar\u00e1 un incremento del 13,5% m\u00e1s un bono de 70 mil pesos a pagarse en los primeros d\u00edas de 2024.<\/p>\n<p>El acuerdo se concret\u00f3 en Casa de Gobierno, en una reuni\u00f3n encabezada por el gobernador Ra\u00fal Jalil donde participaron el referente de ATE, Ricardo Ar\u00e9valo; de UPCN, Claudia Espeche; de ATSA y del gremio de los empleados de Vialidad provincial. Por su parte, acompa\u00f1aron al primer mandatario provincial, las ministras de Hacienda, Alejandra Nazareno y de Trabajo, Planificaci\u00f3n y Recursos Humanos, Ver\u00f3nica Soria.<\/p>\n<p>La ministra Soria explic\u00f3 que este nuevo piso \u201csignifica un incremento de $90.000 para aquellos trabajadores que percib\u00edan el salario m\u00ednimo que hasta hoy con bono incluido llegaba a $210.000 y, una mejora sustancial en los ingresos de los empleados que se encuentran en la base de la pir\u00e1mide salarial de la Administraci\u00f3n P\u00fablica\u201d.<\/p>\n<p>M\u00e1s adelante, se\u00f1al\u00f3 que los empleados p\u00fablicos provinciales percibir\u00e1n un incremento salarial del 13,5% a partir del salario de enero de 2024. Tambi\u00e9n se acord\u00f3 el pago, por \u00fanica vez, de un bono extraordinario de $70.000 a depositarse entre el 15 y el 20 de enero de 2024.<\/p>\n<p>Por su parte, la ministra Nazareno destac\u00f3 el acuerdo alcanzando con los gremios. \u201cA pesar del complejo contexto nacional y la disminuci\u00f3n de fondos por la eliminaci\u00f3n del impuesto a las ganancias en la coparticipaci\u00f3n, el Gobierno provincial est\u00e1 haciendo un esfuerzo para asegurar el incremento salarial de los trabajadores catamarque\u00f1os\u201d, dijo.<\/p>\n","protected":false},"excerpt":{"rendered":"<p>El Gobierno y los gremios estales llegaron a un acuerdo en torno a la pauta salarial para el inicio del<\/p>\n","protected":false},"author":2,"featured_media":10871,"comment_status":"closed","ping_status":"closed","sticky":false,"template":"","format":"standard","meta":{"footnotes":"","jetpack_publicize_message":"","jetpack_publicize_feature_enabled":true,"jetpack_social_post_already_shared":true,"jetpack_social_options":{"image_generator_settings":{"template":"highway","enabled":false},"version":2}},"categories":[12],"tags":[],"class_list":["post-10870","post","type-post","status-publish","format-standard","has-post-thumbnail","hentry","category-politica"],"jetpack_publicize_connections":[],"_links":{"self":[{"href":"https:\/\/diariorepublica.com.ar\/web\/index.php\/wp-json\/wp\/v2\/posts\/10870"}],"collection":[{"href":"https:\/\/diariorepublica.com.ar\/web\/index.php\/wp-json\/wp\/v2\/posts"}],"about":[{"href":"https:\/\/diariorepublica.com.ar\/web\/index.php\/wp-json\/wp\/v2\/types\/post"}],"author":[{"embeddable":true,"href":"https:\/\/diariorepublica.com.ar\/web\/index.php\/wp-json\/wp\/v2\/users\/2"}],"replies":[{"embeddable":true,"href":"https:\/\/diariorepublica.com.ar\/web\/index.php\/wp-json\/wp\/v2\/comments?post=10870"}],"version-history":[{"count":1,"href":"https:\/\/diariorepublica.com.ar\/web\/index.php\/wp-json\/wp\/v2\/posts\/10870\/revisions"}],"predecessor-version":[{"id":10872,"href":"https:\/\/diariorepublica.com.ar\/web\/index.php\/wp-json\/wp\/v2\/posts\/10870\/revisions\/10872"}],"wp:featuredmedia":[{"embeddable":true,"href":"https:\/\/diariorepublica.com.ar\/web\/index.php\/wp-json\/wp\/v2\/media\/10871"}],"wp:attachment":[{"href":"https:\/\/diariorepublica.com.ar\/web\/index.php\/wp-json\/wp\/v2\/media?parent=10870"}],"wp:term":[{"taxonomy":"category","embeddable":true,"href":"https:\/\/diariorepublica.com.ar\/web\/index.php\/wp-json\/wp\/v2\/categories?post=10870"},{"taxonomy":"post_tag","embeddable":true,"href":"https:\/\/diariorepublica.com.ar\/web\/index.php\/wp-json\/wp\/v2\/tags?post=10870"}],"curies":[{"name":"wp","href":"https:\/\/api.w.org\/{rel}","templated":true}]}}