{"id":10932,"date":"2023-12-28T07:50:50","date_gmt":"2023-12-28T10:50:50","guid":{"rendered":"https:\/\/diariorepublica.com.ar\/web\/?p=10932"},"modified":"2023-12-28T07:50:52","modified_gmt":"2023-12-28T10:50:52","slug":"ley-omnibus-proponen-modificar-la-ley-de-imputabilidad","status":"publish","type":"post","link":"https:\/\/diariorepublica.com.ar\/web\/index.php\/nacionales\/2023\/12\/28\/ley-omnibus-proponen-modificar-la-ley-de-imputabilidad\/","title":{"rendered":"Ley \u00d3mnibus: proponen modificar la ley de imputabilidad"},"content":{"rendered":"<article id=\"article-post\" class=\"first\">\n<div class=\"cuerpo\" data-twitter-link=\"https:\/\/twitter.com\/intent\/tweet?url=https:\/\/www.diariopopular.com.ar\/c763537&amp;via=poopulardiario&amp;related=Popular&amp;text=\">\n<p>El\u00a0proyecto de ley que el\u00a0<strong>presidente de la Naci\u00f3n Javier Milei\u00a0<\/strong>envi\u00f3 este mi\u00e9rcoles al<strong>\u00a0Congreso<\/strong>\u00a0propone una modificaci\u00f3n en el art\u00edculo 34 del C\u00f3digo Penal sobre la Leg\u00edtima Defensa y establece que los familiares de quien cometa un delito, en caso de fallecimiento, no podr\u00e1n \u00abquerellar o demandar a quien hubiera repelido la acci\u00f3n o impedido la huida\u00bb del perpetrador.<\/p>\n<\/div>\n<\/article>\n<article id=\"article-post\">\n<div class=\"cuerpo\" data-twitter-link=\"https:\/\/twitter.com\/intent\/tweet?url=https:\/\/www.diariopopular.com.ar\/c763537&amp;via=poopulardiario&amp;related=Popular&amp;text=\">\n<p>La iniciativa tambi\u00e9n le otorga a quien act\u00fae en cumplimiento del deber el criterio para establecer la \u00abproporcionalidad del medio empleado\u00bb, y empodera al que act\u00faa en defensa propia para intervenir si\u00a0<strong>\u00abpresume una agresi\u00f3n inminente\u00bb.<\/strong><\/p>\n<p>La modificaci\u00f3n forma parte del art\u00edculo 344 de la nueva\u00a0<strong>Ley de Bases y Puntos de Partida para la Libertad de los Argentinos<\/strong>\u00a0que Milei present\u00f3 ante el Congreso para su tratamiento en sesiones extraordinarias.<\/p>\n<p>All\u00ed propone sustituir el\u00a0<strong>art\u00edculo 34 del C\u00f3digo Penal<\/strong>\u00a0que define la inimputabilidad de quienes cometen un delito y cuenta con siete incisos por uno nuevo que prev\u00e9 modificaciones al ya existente.<\/p>\n<p>Una de las principales modificaciones qued\u00f3 plasmada en el inciso 4, que considera no punibles a \u00abquienes obraren en cumplimiento de un deber o en el leg\u00edtimo ejercicio de su derecho, autoridad o cargo\u00bb, pero agrega como continuidad que \u00abla proporcionalidad del medio empleado debe ser siempre interpretada en favor de quien obra en cumplimiento de su deber o en el leg\u00edtimo ejercicio de su derecho, autoridad o cargo\u00bb.<\/p>\n<p>La ley actual faculta a la Justicia a que establezca si el medio empleado est\u00e1 justificado, por lo que puede considerarse que quien obr\u00f3 en cumplimiento del deber quiz\u00e1 haya actuado con exceso y, en ese caso, le cabe una pena.<\/p>\n<p>Tambi\u00e9n hace un agregado al inciso 6, que establece que no es punible quien act\u00fae en defensa propia o de sus derechos dentro de su hogar, siempre que haya resistencia \u00abo se\u00f1ales que pudieran hacer presumir una agresi\u00f3n inminente\u00bb, una aclaraci\u00f3n que no consta en la ley actual.<\/p>\n<p>Y agrega que se entiende \u00abque concurren estas circunstancias cuando una diferencia de edad, contextura f\u00edsica, experiencia en ri\u00f1a o el n\u00famero de los agresores pudiera razonablemente hacer temer a quien se defiende por un da\u00f1o a su integridad f\u00edsica o sexual\u00bb.<\/p>\n<p>En este inciso tambi\u00e9n considera que no ser\u00e1 punible \u00abquien se defendiere respecto de quien esgrimiera un arma falsa o de quien atacare con un arma mientras huye de la escena\u00bb.<\/p>\n<p>Finalmente, hace una aclaraci\u00f3n especial dentro del inciso 7, que establece que es inimputable \u00abel que obrare en defensa de la persona o derechos de otro\u00bb, pero aclara que \u00abquien comete un delito, a\u00fan en grado de tentativa, as\u00ed como sus parientes, en caso de fallecimiento, carecen de acci\u00f3n para querellar o demandar a quien hubiera repelido la acci\u00f3n o impedido la huida, aunque no concurrieren los eximentes de este art\u00edculo en favor de quien se defiende u obre en ejercicio de su deber, autoridad o cargo\u201d.<\/p>\n<\/div>\n<\/article>\n","protected":false},"excerpt":{"rendered":"<p>El\u00a0proyecto de ley que el\u00a0presidente de la Naci\u00f3n Javier Milei\u00a0envi\u00f3 este mi\u00e9rcoles al\u00a0Congreso\u00a0propone una modificaci\u00f3n en el art\u00edculo 34 del<\/p>\n","protected":false},"author":1,"featured_media":10933,"comment_status":"closed","ping_status":"closed","sticky":false,"template":"","format":"standard","meta":{"footnotes":"","jetpack_publicize_message":"","jetpack_publicize_feature_enabled":true,"jetpack_social_post_already_shared":true,"jetpack_social_options":{"image_generator_settings":{"template":"highway","enabled":false},"version":2}},"categories":[4],"tags":[],"class_list":["post-10932","post","type-post","status-publish","format-standard","has-post-thumbnail","hentry","category-nacionales"],"jetpack_publicize_connections":[],"_links":{"self":[{"href":"https:\/\/diariorepublica.com.ar\/web\/index.php\/wp-json\/wp\/v2\/posts\/10932"}],"collection":[{"href":"https:\/\/diariorepublica.com.ar\/web\/index.php\/wp-json\/wp\/v2\/posts"}],"about":[{"href":"https:\/\/diariorepublica.com.ar\/web\/index.php\/wp-json\/wp\/v2\/types\/post"}],"author":[{"embeddable":true,"href":"https:\/\/diariorepublica.com.ar\/web\/index.php\/wp-json\/wp\/v2\/users\/1"}],"replies":[{"embeddable":true,"href":"https:\/\/diariorepublica.com.ar\/web\/index.php\/wp-json\/wp\/v2\/comments?post=10932"}],"version-history":[{"count":1,"href":"https:\/\/diariorepublica.com.ar\/web\/index.php\/wp-json\/wp\/v2\/posts\/10932\/revisions"}],"predecessor-version":[{"id":10934,"href":"https:\/\/diariorepublica.com.ar\/web\/index.php\/wp-json\/wp\/v2\/posts\/10932\/revisions\/10934"}],"wp:featuredmedia":[{"embeddable":true,"href":"https:\/\/diariorepublica.com.ar\/web\/index.php\/wp-json\/wp\/v2\/media\/10933"}],"wp:attachment":[{"href":"https:\/\/diariorepublica.com.ar\/web\/index.php\/wp-json\/wp\/v2\/media?parent=10932"}],"wp:term":[{"taxonomy":"category","embeddable":true,"href":"https:\/\/diariorepublica.com.ar\/web\/index.php\/wp-json\/wp\/v2\/categories?post=10932"},{"taxonomy":"post_tag","embeddable":true,"href":"https:\/\/diariorepublica.com.ar\/web\/index.php\/wp-json\/wp\/v2\/tags?post=10932"}],"curies":[{"name":"wp","href":"https:\/\/api.w.org\/{rel}","templated":true}]}}