{"id":10935,"date":"2023-12-28T09:52:55","date_gmt":"2023-12-28T12:52:55","guid":{"rendered":"https:\/\/diariorepublica.com.ar\/web\/?p=10935"},"modified":"2023-12-28T09:52:57","modified_gmt":"2023-12-28T12:52:57","slug":"raul-inauguro-un-barrio-en-recreo-y-familias-cumplieron-el-sueno-de-la-casa-propia","status":"publish","type":"post","link":"https:\/\/diariorepublica.com.ar\/web\/index.php\/sociedad\/2023\/12\/28\/raul-inauguro-un-barrio-en-recreo-y-familias-cumplieron-el-sueno-de-la-casa-propia\/","title":{"rendered":"Ra\u00fal inaugur\u00f3 un barrio en Recreo y familias cumplieron el sue\u00f1o de la casa propia"},"content":{"rendered":"<p>En la tarde del martes, el Gobierno de Catamarca concret\u00f3 la entrega de un nuevo barrio en el interior provincial, haciendo efectivo el sue\u00f1o de 32 familias de tener la casa propia en Recreo, departamento La Paz.<\/p>\n<p>Adem\u00e1s, se entregaron 23 viviendas sociales, distribuidas en toda la jurisdicci\u00f3n recre\u00edna, que fueron construidas por el Ministerio de la Vivienda y Urbanizaci\u00f3n, contabilizando de esta manera, un total de 55 viviendas adjudicadas por el Gobierno de la Provincia.<\/p>\n<p>El gobernador Ra\u00fal Jalil encabez\u00f3 el acto de entrega de las llaves a sus propietarios, en compa\u00f1\u00eda del intendente de Recreo, Luis Polti; el ministro de Vivienda y Urbanizaci\u00f3n, Fidel S\u00e1enz; el administrador del IPV, Alberto Barrionuevo, e integrantes de la comunidad lapace\u00f1a que se acercaron a participar del acto.<\/p>\n<p>Entre l\u00e1grimas, Silvana Machado, una vecina que recibi\u00f3 las llaves de su nueva casa, expres\u00f3 su agradecimiento al Gobernador, al Intendente y a los dem\u00e1s funcionarios por la oportunidad y dijo que \u201cesto es una emoci\u00f3n para las familias que recibimos nuestro hogar, para poderlo formar en la paz, amor y a la voluntad de Dios\u201d.<\/p>\n<p>A continuaci\u00f3n, el intendente Polti se dirigi\u00f3 a los presentes contando que inici\u00f3 su gesti\u00f3n con un \u201cd\u00e9ficit de casi 900 viviendas en la ciudad de Recreo\u201d, seguidamente relat\u00f3: \u201choy tenemos para decir que con esta entrega, con los m\u00f3dulos habitacionales de provincia, con lo que se hizo del municipio, sumado a las ampliaciones y otras ayudas, estamos alrededor de las 368 soluciones habitacionales\u201d. El jefe comunal apunt\u00f3 que \u201ctenemos que seguir trabajando para engrandecer mucho m\u00e1s este departamento y hacer mucho m\u00e1s grande nuestra ciudad\u201d.<\/p>\n<p>El Gobernador cerr\u00f3 el acto con un discurso comprometido con la realidad que se atraviesa al reconocer que \u201cla gente quiere que nos pongamos a trabajar, que estemos juntos y traigamos soluciones\u201d, sin embargo aclar\u00f3: \u201ceso no significa que dejemos nuestros ideales\u201d, haciendo referencia al valor de la obra p\u00fablica que se proyect\u00f3 en estos \u00faltimos a\u00f1os, citando como ejemplo la Ruta 7, cuyas tareas est\u00e1n por comenzar o las de las rutas N\u00b0 2 y N\u00b042 que ya iniciaron. \u201cEl Este est\u00e1 cambiando y ha cambiado una barbaridad\u201d, remarc\u00f3.<\/p>\n<p>Para concluir, Ra\u00fal dijo a los vecinos que \u201ccuenten con un Gobierno Provincial que no va a dejar la obra p\u00fablica y, sobre todo, la vivienda\u201d, a la vez record\u00f3 que en su visita a Casa Rosada le explic\u00f3 al presidente Javier Milei sobre el \u201cefecto multiplicador muy grande\u201d que tiene en Catamarca la obra p\u00fablica.<\/p>\n<p>Cabe resaltar que las viviendas del nuevo barrio cuentan con terminaciones completas, living-comedor, dos dormitorios, ba\u00f1o, termotanque solar y los servicios b\u00e1sicos, por lo que est\u00e1n listas para ser habitadas.<\/p>\n","protected":false},"excerpt":{"rendered":"<p>En la tarde del martes, el Gobierno de Catamarca concret\u00f3 la entrega de un nuevo barrio en el interior provincial,<\/p>\n","protected":false},"author":1,"featured_media":10936,"comment_status":"closed","ping_status":"closed","sticky":false,"template":"","format":"standard","meta":{"footnotes":"","jetpack_publicize_message":"","jetpack_publicize_feature_enabled":true,"jetpack_social_post_already_shared":true,"jetpack_social_options":{"image_generator_settings":{"template":"highway","enabled":false},"version":2}},"categories":[3],"tags":[],"class_list":["post-10935","post","type-post","status-publish","format-standard","has-post-thumbnail","hentry","category-sociedad"],"jetpack_publicize_connections":[],"_links":{"self":[{"href":"https:\/\/diariorepublica.com.ar\/web\/index.php\/wp-json\/wp\/v2\/posts\/10935"}],"collection":[{"href":"https:\/\/diariorepublica.com.ar\/web\/index.php\/wp-json\/wp\/v2\/posts"}],"about":[{"href":"https:\/\/diariorepublica.com.ar\/web\/index.php\/wp-json\/wp\/v2\/types\/post"}],"author":[{"embeddable":true,"href":"https:\/\/diariorepublica.com.ar\/web\/index.php\/wp-json\/wp\/v2\/users\/1"}],"replies":[{"embeddable":true,"href":"https:\/\/diariorepublica.com.ar\/web\/index.php\/wp-json\/wp\/v2\/comments?post=10935"}],"version-history":[{"count":1,"href":"https:\/\/diariorepublica.com.ar\/web\/index.php\/wp-json\/wp\/v2\/posts\/10935\/revisions"}],"predecessor-version":[{"id":10937,"href":"https:\/\/diariorepublica.com.ar\/web\/index.php\/wp-json\/wp\/v2\/posts\/10935\/revisions\/10937"}],"wp:featuredmedia":[{"embeddable":true,"href":"https:\/\/diariorepublica.com.ar\/web\/index.php\/wp-json\/wp\/v2\/media\/10936"}],"wp:attachment":[{"href":"https:\/\/diariorepublica.com.ar\/web\/index.php\/wp-json\/wp\/v2\/media?parent=10935"}],"wp:term":[{"taxonomy":"category","embeddable":true,"href":"https:\/\/diariorepublica.com.ar\/web\/index.php\/wp-json\/wp\/v2\/categories?post=10935"},{"taxonomy":"post_tag","embeddable":true,"href":"https:\/\/diariorepublica.com.ar\/web\/index.php\/wp-json\/wp\/v2\/tags?post=10935"}],"curies":[{"name":"wp","href":"https:\/\/api.w.org\/{rel}","templated":true}]}}