{"id":10985,"date":"2024-01-03T07:42:18","date_gmt":"2024-01-03T10:42:18","guid":{"rendered":"https:\/\/diariorepublica.com.ar\/web\/?p=10985"},"modified":"2024-01-03T07:42:21","modified_gmt":"2024-01-03T10:42:21","slug":"volvieron-a-aumentar-las-naftas-un-27","status":"publish","type":"post","link":"https:\/\/diariorepublica.com.ar\/web\/index.php\/economia\/2024\/01\/03\/volvieron-a-aumentar-las-naftas-un-27\/","title":{"rendered":"Volvieron a aumentar las naftas un 27%"},"content":{"rendered":"<article class=\"article-body article-body--first-paragraph content-protected-false\" data-td-script-src=\"https:\/\/www.ambito.com\/td\/modulos\/encuestas\/js\/function-embeds-min-version-1704254817.js\">Los combustibles<strong>\u00a0aumentaron un 27% y\u00a0acumula una suba de alrededor del 76%\u00a0desde fines de noviembre<\/strong>. El incremento fue confirmado por el titular de la C\u00e1mara de Empresas de Combustibles,<strong>\u00a0Ra\u00fal Castellanos<\/strong>, en di\u00e1logo con C5N y\u00a0<strong>el litro nafta supera el valor de los 800 pesos.<\/strong><\/p>\n<\/article>\n<article class=\"article-body article-body--second-paragraph content-protected-false\">Este aumento se suma al del\u00a0<strong>12% a findes de noviembre<\/strong>\u00a0y al del\u00a0<strong>37% a mediados de diciembre.<\/strong><\/p>\n<\/article>\n<article class=\"article-body article-body--third-paragraph content-protected-false\">\u00abLo que afecta a las estaciones de servicio es la<strong>\u00a0comparaci\u00f3n de los precios y la inflaci\u00f3n<\/strong>, no en los\u00a0<strong>costos de elaboraci\u00f3n<\/strong>\u00a0que son materia de las refinadoras. Con este c\u00e1lculo que dije,\u00a0<strong>para las estaciones ven\u00edamos muy atrasados\u00a0<\/strong>y se hab\u00edan equiparados. En 2023,<strong>\u00a0los aumentos fueron del 260% y la inflaci\u00f3n de un 200%<\/strong>, as\u00ed que<strong>\u00a0hay 60% puntos porcentuales que cubrieron ese desfasaje<\/strong>\u00ab, expuso Castellanos.<\/p>\n<\/article>\n<article class=\"article-body article-body--fourth-paragraph content-protected-false\">Adem\u00e1s, explic\u00f3 que los costos de las refinadoras var\u00edan seg\u00fan la cotizaci\u00f3n del tipo de cambio y tambi\u00e9n influye el valor del petr\u00f3leo. Sin embargo, aclar\u00f3 el motivo de esta \u00faltima suba: \u00abLa pauta actual es de libertad de precios\u00bb.<\/p>\n<\/article>\n<article class=\"article-body article-body--remaining-paragraph content-protected-false\">\n<p>El precio de referencia internacional, el de la\u00a0<strong>nafta s\u00faper<\/strong>, pas\u00f3 de esta manera de tener un\u00a0<strong>valor de u$s 0,75<\/strong>, por debajo del promedio hist\u00f3rico del pa\u00eds, a estar entre<strong>\u00a0u$s 1 y u$s 1,1 por litro.<\/strong><\/p>\n<\/article>\n","protected":false},"excerpt":{"rendered":"<p>Los combustibles\u00a0aumentaron un 27% y\u00a0acumula una suba de alrededor del 76%\u00a0desde fines de noviembre. El incremento fue confirmado por el<\/p>\n","protected":false},"author":1,"featured_media":10986,"comment_status":"closed","ping_status":"closed","sticky":false,"template":"","format":"standard","meta":{"footnotes":"","jetpack_publicize_message":"","jetpack_publicize_feature_enabled":true,"jetpack_social_post_already_shared":true,"jetpack_social_options":{"image_generator_settings":{"template":"highway","enabled":false},"version":2}},"categories":[5],"tags":[],"class_list":["post-10985","post","type-post","status-publish","format-standard","has-post-thumbnail","hentry","category-economia"],"jetpack_publicize_connections":[],"_links":{"self":[{"href":"https:\/\/diariorepublica.com.ar\/web\/index.php\/wp-json\/wp\/v2\/posts\/10985"}],"collection":[{"href":"https:\/\/diariorepublica.com.ar\/web\/index.php\/wp-json\/wp\/v2\/posts"}],"about":[{"href":"https:\/\/diariorepublica.com.ar\/web\/index.php\/wp-json\/wp\/v2\/types\/post"}],"author":[{"embeddable":true,"href":"https:\/\/diariorepublica.com.ar\/web\/index.php\/wp-json\/wp\/v2\/users\/1"}],"replies":[{"embeddable":true,"href":"https:\/\/diariorepublica.com.ar\/web\/index.php\/wp-json\/wp\/v2\/comments?post=10985"}],"version-history":[{"count":1,"href":"https:\/\/diariorepublica.com.ar\/web\/index.php\/wp-json\/wp\/v2\/posts\/10985\/revisions"}],"predecessor-version":[{"id":10987,"href":"https:\/\/diariorepublica.com.ar\/web\/index.php\/wp-json\/wp\/v2\/posts\/10985\/revisions\/10987"}],"wp:featuredmedia":[{"embeddable":true,"href":"https:\/\/diariorepublica.com.ar\/web\/index.php\/wp-json\/wp\/v2\/media\/10986"}],"wp:attachment":[{"href":"https:\/\/diariorepublica.com.ar\/web\/index.php\/wp-json\/wp\/v2\/media?parent=10985"}],"wp:term":[{"taxonomy":"category","embeddable":true,"href":"https:\/\/diariorepublica.com.ar\/web\/index.php\/wp-json\/wp\/v2\/categories?post=10985"},{"taxonomy":"post_tag","embeddable":true,"href":"https:\/\/diariorepublica.com.ar\/web\/index.php\/wp-json\/wp\/v2\/tags?post=10985"}],"curies":[{"name":"wp","href":"https:\/\/api.w.org\/{rel}","templated":true}]}}